{"id":47916,"date":"2013-09-25T22:10:42","date_gmt":"2013-09-26T01:10:42","guid":{"rendered":"http:\/\/www.redenoticia.com.br\/noticia\/?p=47916"},"modified":"2013-09-25T22:10:42","modified_gmt":"2013-09-26T01:10:42","slug":"dicas-para-amenizar-sintomas-alergicos-tipicos-da-primavera","status":"publish","type":"post","link":"https:\/\/migracao.redenoticia.com.br\/noticia\/2013\/dicas-para-amenizar-sintomas-alergicos-tipicos-da-primavera\/47916","title":{"rendered":"Dicas para amenizar sintomas al\u00e9rgicos t\u00edpicos da primavera"},"content":{"rendered":"<p>A esta\u00e7\u00e3o mais florida do ano, que teve in\u00edcio no \u00faltimo domingo, 22, tamb\u00e9m \u00e9 conhecida como um per\u00edodo de desencadeamento de<em><strong> rea\u00e7\u00f5es al\u00e9rgicas<\/strong><\/em> nas pessoas. O motivo \u00e9 o reflorescimento da flora e consequentemente o desprendimento do p\u00f3len das flores.<\/p>\n<p>Por isso \u00e9 natural que as pessoas apresentem sintomas al\u00e9rgicos, como coriza, espirro, coceira no nariz e crises de rinite al\u00e9rgica. Neste per\u00edodo, h\u00e1 um agravamento da polui\u00e7\u00e3o do ar, tornando mais comuns sintomas de conjuntivite e alguns casos de catapora.<\/p>\n<p>Veja algumas dicas para reduzir ou, at\u00e9 mesmo, evitar essas doen\u00e7as:<\/p>\n<p>&#8211; Use sab\u00e3o neutro para lavar roupas e len\u00e7\u00f3is;<br \/>\n&#8211; Mantenha o quarto arejado e limpo;<br \/>\n&#8211; Guarde brinquedos de pel\u00facia ou envolva-os em pl\u00e1sticos transparentes;<br \/>\n&#8211; Limpe a casa com pano \u00famido;<br \/>\n&#8211; Elimine tapetes e carpetes da casa;<br \/>\n&#8211; Deixe o sol entrar em casa para eliminar os \u00e1caros;<br \/>\n&#8211; Mantenha sempre as m\u00e3os limpas, evitando contato com os olhos.<\/p>\n<p>Do Portal do Governo do Estado<\/p>\n","protected":false},"excerpt":{"rendered":"<p>A esta\u00e7\u00e3o mais florida do ano, que teve in\u00edcio no \u00faltimo domingo, 22, tamb\u00e9m \u00e9 conhecida como um per\u00edodo de desencadeamento de rea\u00e7\u00f5es al\u00e9rgicas nas pessoas. O motivo \u00e9 o reflorescimento da flora e consequentemente o desprendimento do p\u00f3len das flores. Por isso \u00e9 natural que as pessoas apresentem sintomas al\u00e9rgicos, como coriza, espirro, coceira [&hellip;]<\/p>\n","protected":false},"author":2,"featured_media":37376,"comment_status":"closed","ping_status":"closed","sticky":false,"template":"","format":"standard","meta":{"tdm_status":"","tdm_grid_status":"","footnotes":""},"categories":[22,5],"tags":[],"class_list":{"0":"post-47916","1":"post","2":"type-post","3":"status-publish","4":"format-standard","5":"has-post-thumbnail","7":"category-brasil","8":"category-saude-e-vida"},"_links":{"self":[{"href":"https:\/\/migracao.redenoticia.com.br\/noticia\/wp-json\/wp\/v2\/posts\/47916","targetHints":{"allow":["GET"]}}],"collection":[{"href":"https:\/\/migracao.redenoticia.com.br\/noticia\/wp-json\/wp\/v2\/posts"}],"about":[{"href":"https:\/\/migracao.redenoticia.com.br\/noticia\/wp-json\/wp\/v2\/types\/post"}],"author":[{"embeddable":true,"href":"https:\/\/migracao.redenoticia.com.br\/noticia\/wp-json\/wp\/v2\/users\/2"}],"replies":[{"embeddable":true,"href":"https:\/\/migracao.redenoticia.com.br\/noticia\/wp-json\/wp\/v2\/comments?post=47916"}],"version-history":[{"count":0,"href":"https:\/\/migracao.redenoticia.com.br\/noticia\/wp-json\/wp\/v2\/posts\/47916\/revisions"}],"wp:featuredmedia":[{"embeddable":true,"href":"https:\/\/migracao.redenoticia.com.br\/noticia\/wp-json\/wp\/v2\/media\/37376"}],"wp:attachment":[{"href":"https:\/\/migracao.redenoticia.com.br\/noticia\/wp-json\/wp\/v2\/media?parent=47916"}],"wp:term":[{"taxonomy":"category","embeddable":true,"href":"https:\/\/migracao.redenoticia.com.br\/noticia\/wp-json\/wp\/v2\/categories?post=47916"},{"taxonomy":"post_tag","embeddable":true,"href":"https:\/\/migracao.redenoticia.com.br\/noticia\/wp-json\/wp\/v2\/tags?post=47916"}],"curies":[{"name":"wp","href":"https:\/\/api.w.org\/{rel}","templated":true}]}}