{"id":47920,"date":"2013-09-27T00:29:39","date_gmt":"2013-09-27T03:29:39","guid":{"rendered":"http:\/\/www.redenoticia.com.br\/noticia\/?p=47920"},"modified":"2013-09-27T01:23:01","modified_gmt":"2013-09-27T04:23:01","slug":"a-fazenda-votacao-em-barbara-denise-e-mateus-movimenta-as-enquetes","status":"publish","type":"post","link":"https:\/\/migracao.redenoticia.com.br\/noticia\/2013\/a-fazenda-votacao-em-barbara-denise-e-mateus-movimenta-as-enquetes\/47920","title":{"rendered":"A Fazenda &#8211; vota\u00e7\u00e3o em B\u00e1rbara, Denise e Mateus movimentou as enquetes"},"content":{"rendered":"<p><em><strong><a href=\"https:\/\/migracao.redenoticia.com.br\/noticia\/imagens\/a-fazenda.jpg\"><img loading=\"lazy\" decoding=\"async\" class=\"alignleft size-medium wp-image-17419\" alt=\"a fazenda\" src=\"https:\/\/migracao.redenoticia.com.br\/noticia\/imagens\/a-fazenda-250x160.jpg\" width=\"250\" height=\"160\" srcset=\"https:\/\/migracao.redenoticia.com.br\/noticia\/imagens\/a-fazenda-250x160.jpg 250w, https:\/\/migracao.redenoticia.com.br\/noticia\/imagens\/a-fazenda-150x96.jpg 150w, https:\/\/migracao.redenoticia.com.br\/noticia\/imagens\/a-fazenda.jpg 300w\" sizes=\"auto, (max-width: 250px) 100vw, 250px\" \/><\/a>A Fazenda<\/strong>\u00a0<\/em>&#8211; na noite desta quinta-feira, 26\/09, B\u00e1rbara e Denise receberam a maioria dos votos v\u00e1lidos para permanecerem no programa A Fazenda.\u00a0Mateus recebeu apenas 26% dos votos e foi eliminado desta temporada.<\/p>\n<p><a href=\"https:\/\/migracao.redenoticia.com.br\/noticia\/2013\/a-fazenda-votacao-em-barbara-denise-e-marcos-movimenta-as-enquetes\/47943\">Veja a enquete da vota\u00e7\u00e3o &#8220;quem deve ganhar A Fazenda: B\u00e1rbara, Denise ou Marcos&#8221;. <\/a><\/p>\n<p>Tudo come\u00e7ou\u00a0na noite de quarta-feira, 25\/09, quando foi formada a \u00faltima ro\u00e7a desta temporada de A Fazenda. B\u00e1rbara Evans e Denise Rocha se salvaram da elimina\u00e7\u00e3o pelo voto do p\u00fablico, mas foram automaticamente para a \u00faltima ro\u00e7a junto com Mateus Verdelho. Marcos Oliver n\u00e3o participou por estar imune at\u00e9 o final do programa. B\u00e1rbara, Denise e Mateus foram parar na ro\u00e7a e disputaram a prefer\u00eancia do p\u00fablico para chegarem na final de A Fazenda 2013. A disputa na\u00a0<em><strong>vota\u00e7\u00e3o<\/strong><\/em>\u00a0da <strong><em>enquete<\/em><\/strong> de diversos portais come\u00e7ou acirrada. Na\u00a0enquete UOL:<br \/>\n&#8211; 26\/09, 03h42, 37 % B\u00e1rbara, 46 % Denise, 17 % Mateus.<br \/>\n&#8211; 26\/09, 20h05, 33 % B\u00e1rbara, 39 % Denise, 28 % Mateus.<\/p>\n<p>O voto v\u00e1lido foi registrado no portal oficial do programa A Fazenda Rede Record.<\/p>\n<p>A elimina\u00e7\u00e3o aconteceu na noite de quinta-feira, 26\/09.<\/p>\n<p>Rede Record A Fazenda<\/p>\n<p>A Fazenda \u00e9 a vers\u00e3o brasileira do programa The Farm, sucesso em mais de 40 pa\u00edses e que chega transformado numa superprodu\u00e7\u00e3o de mais de R$ 20 milh\u00f5es na tela da Record. O reality show mostra um lado desconhecido de 16 famosos \u2014 entre atores, cantores, modelos e personalidades da m\u00eddia \u2014 que ter\u00e3o sua habilidade (ou a absoluta falta dela) testada em tarefas t\u00edpicas do meio rural.<\/p>\n","protected":false},"excerpt":{"rendered":"<p>A Fazenda\u00a0&#8211; na noite desta quinta-feira, 26\/09, B\u00e1rbara e Denise receberam a maioria dos votos v\u00e1lidos para permanecerem no programa A Fazenda.\u00a0Mateus recebeu apenas 26% dos votos e foi eliminado desta temporada. Veja a enquete da vota\u00e7\u00e3o &#8220;quem deve ganhar A Fazenda: B\u00e1rbara, Denise ou Marcos&#8221;. Tudo come\u00e7ou\u00a0na noite de quarta-feira, 25\/09, quando foi formada [&hellip;]<\/p>\n","protected":false},"author":2,"featured_media":17419,"comment_status":"open","ping_status":"closed","sticky":false,"template":"","format":"standard","meta":{"tdm_status":"","tdm_grid_status":"","footnotes":""},"categories":[406,371,343],"tags":[],"class_list":{"0":"post-47920","1":"post","2":"type-post","3":"status-publish","4":"format-standard","5":"has-post-thumbnail","7":"category-a-fazenda","8":"category-rede-record","9":"category-televisao"},"_links":{"self":[{"href":"https:\/\/migracao.redenoticia.com.br\/noticia\/wp-json\/wp\/v2\/posts\/47920","targetHints":{"allow":["GET"]}}],"collection":[{"href":"https:\/\/migracao.redenoticia.com.br\/noticia\/wp-json\/wp\/v2\/posts"}],"about":[{"href":"https:\/\/migracao.redenoticia.com.br\/noticia\/wp-json\/wp\/v2\/types\/post"}],"author":[{"embeddable":true,"href":"https:\/\/migracao.redenoticia.com.br\/noticia\/wp-json\/wp\/v2\/users\/2"}],"replies":[{"embeddable":true,"href":"https:\/\/migracao.redenoticia.com.br\/noticia\/wp-json\/wp\/v2\/comments?post=47920"}],"version-history":[{"count":0,"href":"https:\/\/migracao.redenoticia.com.br\/noticia\/wp-json\/wp\/v2\/posts\/47920\/revisions"}],"wp:featuredmedia":[{"embeddable":true,"href":"https:\/\/migracao.redenoticia.com.br\/noticia\/wp-json\/wp\/v2\/media\/17419"}],"wp:attachment":[{"href":"https:\/\/migracao.redenoticia.com.br\/noticia\/wp-json\/wp\/v2\/media?parent=47920"}],"wp:term":[{"taxonomy":"category","embeddable":true,"href":"https:\/\/migracao.redenoticia.com.br\/noticia\/wp-json\/wp\/v2\/categories?post=47920"},{"taxonomy":"post_tag","embeddable":true,"href":"https:\/\/migracao.redenoticia.com.br\/noticia\/wp-json\/wp\/v2\/tags?post=47920"}],"curies":[{"name":"wp","href":"https:\/\/api.w.org\/{rel}","templated":true}]}}