{"id":4796,"date":"2009-07-07T10:27:44","date_gmt":"2009-07-07T14:27:44","guid":{"rendered":"http:\/\/www.redenoticia.com.br\/noticia\/?p=4796"},"modified":"2009-07-07T10:27:44","modified_gmt":"2009-07-07T14:27:44","slug":"a-fazenda-recebe-caozinho-max-e-dado-dolabella-sugere-reality-dog","status":"publish","type":"post","link":"https:\/\/migracao.redenoticia.com.br\/noticia\/2009\/a-fazenda-recebe-caozinho-max-e-dado-dolabella-sugere-reality-dog\/4796","title":{"rendered":"A Fazenda recebe c\u00e3ozinho Max e Dado Dolabella sugere reality dog"},"content":{"rendered":"<p>O mais novo integrante da Fazenda, o c\u00e3ozinho Max nem bem chegou e j\u00e1 causou uma pequena discuss\u00e3o. O conflito \u00e9 por conta de deixar, ou n\u00e3o, o cachorro dentro da sede da fazenda. A maioria dos participantes quer deix\u00e1-lo dentro de casa, mas Pedro e Carlinhos n\u00e3o concordaram com os pe\u00f5es e isso causou um clima de disc\u00f3rdia entre os pe\u00f5es.<\/p>\n<p>A chegada do c\u00e3ozinho deixou Mirella super feliz. A mo\u00e7a mostrou que adora cachorro e disse que Max ser\u00e1 sua nova distra\u00e7\u00e3o dentro da casa. No quarto, enquanto fazia limpeza, Mirella contou para Dado que seu primeiro cachorro morreu em uma batida de carro. A loira disse que ela e Latino ficaram muito mal, pois eram bem apegados ao animal.<\/p>\n<p>Reality Dog<br \/>\nNo quarto Dado disse para Danni Carlos: &#8220;Deveriam fazer um reality dog, com 14 c\u00e3ezinhos. Seria melhor do que com pessoas&#8221;, a cantora riu e disse:&#8221;Pelo menos, os c\u00e3es iriam correr, se lamber, namorar e n\u00e3o iriam ficar brigando, como os humanos&#8221;.<\/p>\n<p>Novo reinado de Danni Souza<br \/>\nA nova fazendeira da Semana, Daniele Souza, j\u00e1 realizou sua primeira tarefa do seu mandato: delegou as fun\u00e7\u00f5es para cada participante. E essa fazenda n\u00e3o est\u00e1 moleza. As atribui\u00e7\u00f5es do fazendeiro passar\u00e3o a compreender mais fun\u00e7\u00f5es. As tarefas foram descritas novamente pela produ\u00e7\u00e3o do programa para que n\u00e3o haja d\u00favida sobre os cuidados da fazenda. Uma dessas fun\u00e7\u00f5es extras \u00e9 a limpeza dos est\u00e1bulos de cada animal.<br \/>\nCarlinhos ficou respons\u00e1vel por ordenhar as duas vacas Dado Dolabella alimentar\u00e1 os animais Luciele cuidar\u00e1 das ovelhas Danni Carlos cuidar\u00e1 do galinheiro. Jonathan ser\u00e1 o respons\u00e1vel pelos cavalos e, por fim, Mirella cuidar\u00e1 da horta e das plantas.<br \/>\nPedro ficou com a fun\u00e7\u00e3o de cuidar do novo integrante da Fazenda, o c\u00e3ozinho Max. Samambaia deu para Fabiana a responsabilidade de instruir os participantes na limpeza interna da casa.<\/p>\n","protected":false},"excerpt":{"rendered":"<p>O mais novo integrante da Fazenda, o c\u00e3ozinho Max nem bem chegou e j\u00e1 causou uma pequena discuss\u00e3o. O conflito \u00e9 por conta de deixar, ou n\u00e3o, o cachorro dentro da sede da fazenda. A maioria dos participantes quer deix\u00e1-lo dentro de casa, mas Pedro e Carlinhos n\u00e3o concordaram com os pe\u00f5es e isso causou [&hellip;]<\/p>\n","protected":false},"author":3,"featured_media":0,"comment_status":"open","ping_status":"open","sticky":false,"template":"","format":"standard","meta":{"tdm_status":"","tdm_grid_status":"","footnotes":""},"categories":[22],"tags":[],"class_list":{"0":"post-4796","1":"post","2":"type-post","3":"status-publish","4":"format-standard","6":"category-brasil"},"_links":{"self":[{"href":"https:\/\/migracao.redenoticia.com.br\/noticia\/wp-json\/wp\/v2\/posts\/4796","targetHints":{"allow":["GET"]}}],"collection":[{"href":"https:\/\/migracao.redenoticia.com.br\/noticia\/wp-json\/wp\/v2\/posts"}],"about":[{"href":"https:\/\/migracao.redenoticia.com.br\/noticia\/wp-json\/wp\/v2\/types\/post"}],"author":[{"embeddable":true,"href":"https:\/\/migracao.redenoticia.com.br\/noticia\/wp-json\/wp\/v2\/users\/3"}],"replies":[{"embeddable":true,"href":"https:\/\/migracao.redenoticia.com.br\/noticia\/wp-json\/wp\/v2\/comments?post=4796"}],"version-history":[{"count":0,"href":"https:\/\/migracao.redenoticia.com.br\/noticia\/wp-json\/wp\/v2\/posts\/4796\/revisions"}],"wp:attachment":[{"href":"https:\/\/migracao.redenoticia.com.br\/noticia\/wp-json\/wp\/v2\/media?parent=4796"}],"wp:term":[{"taxonomy":"category","embeddable":true,"href":"https:\/\/migracao.redenoticia.com.br\/noticia\/wp-json\/wp\/v2\/categories?post=4796"},{"taxonomy":"post_tag","embeddable":true,"href":"https:\/\/migracao.redenoticia.com.br\/noticia\/wp-json\/wp\/v2\/tags?post=4796"}],"curies":[{"name":"wp","href":"https:\/\/api.w.org\/{rel}","templated":true}]}}