{"id":47965,"date":"2013-09-27T16:44:01","date_gmt":"2013-09-27T19:44:01","guid":{"rendered":"http:\/\/www.redenoticia.com.br\/noticia\/?p=47965"},"modified":"2013-09-27T16:44:01","modified_gmt":"2013-09-27T19:44:01","slug":"foco-na-cooperacao-internacional","status":"publish","type":"post","link":"https:\/\/migracao.redenoticia.com.br\/noticia\/2013\/foco-na-cooperacao-internacional\/47965","title":{"rendered":"Foco na coopera\u00e7\u00e3o internacional"},"content":{"rendered":"<p>Por Carlos Eduardo Lins da Silva, de Londres, Ag\u00eancia FAPESP\u00a0\u2013 O presidente da FAPESP, Celso Lafer, o vice-presidente, Eduardo Krieger, e o diretor cient\u00edfico, Carlos Henrique de Brito Cruz, participaram na quinta-feira (26\/09) em Londres de uma reuni\u00e3o com dirigentes de 14 conselhos de pesquisa na Europa, na qual foram discutidas quest\u00f5es de pol\u00edtica cient\u00edfica e formas para aprimorar a <em><strong>coopera\u00e7\u00e3o internacional em pesquisa.<\/strong><\/em><\/p>\n<p>Diversos participantes do encontro manifestaram a opini\u00e3o de que essa coopera\u00e7\u00e3o \u00e9 mais eficaz quando \u00e9 feita por entidades com valores e procedimentos similares entre si e com flexibilidade para se adequar a necessidades espec\u00edficas.<\/p>\n<p>V\u00e1rios tamb\u00e9m ressaltaram como positivo o fato de a FAPESP conceber suas rela\u00e7\u00f5es internacionais no n\u00edvel da realiza\u00e7\u00e3o de projetos conjuntos de pesquisa, que s\u00e3o implementados, executados e avaliados pelos parceiros de maneira integrada.<\/p>\n<p>Esse tipo de trabalho faz com que a coopera\u00e7\u00e3o avance para um grau de colabora\u00e7\u00e3o mais efetivo e tem um efeito catalisador de outras atividades, como interc\u00e2mbio de pessoas e realiza\u00e7\u00e3o de eventos.<\/p>\n<p>Lafer, Krieger e Brito Cruz responderam a diversas perguntas dos dirigentes de ag\u00eancias da Europa sobre peculiaridades do sistema de ci\u00eancia em S\u00e3o Paulo e no Brasil.<\/p>\n<p>A maior parte das ag\u00eancias presentes ao encontro j\u00e1 tem conv\u00eanios com a FAPESP, o que tamb\u00e9m permitiu que fosse feita uma avalia\u00e7\u00e3o do que foi realizado at\u00e9 agora e uma prospec\u00e7\u00e3o do que se pode fazer no futuro. Al\u00e9m de diversos conselhos brit\u00e2nicos, tamb\u00e9m compareceram representantes de ag\u00eancias da It\u00e1lia, da Dinamarca, da Holanda e da Irlanda.<\/p>\n<p>Painel da FAPESP Week London<\/p>\n<p>A reuni\u00e3o foi uma atividade paralela \u00e0\u00a0<a href=\"http:\/\/www.fapesp.br\/week2013\/london\/\" target=\"_blank\">FAPESP Week London<\/a>, que dedicou a sess\u00e3o da manh\u00e3 de ontem exatamente ao tema da colabora\u00e7\u00e3o cient\u00edfica internacional, em painel presidido pelo vice-presidente da FAPESP, Eduardo Krieger.<\/p>\n<p>A primeira palestra foi de Kerry-Anne Hoad, do British Council, que ressaltou o fato de que 40% dos cientistas que atualmente trabalham no Reino Unido s\u00e3o de outras nacionalidades que n\u00e3o a brit\u00e2nica. Em sua opini\u00e3o, esse dado \u00e9 uma das causas do dinamismo da atividade cient\u00edfica no Reino Unido.<\/p>\n<p>Martyn Poliakoff, vice-presidente da Royal Society, anfitri\u00e3 do evento, enfatizou a import\u00e2ncia cada vez maior da internacionaliza\u00e7\u00e3o para o progresso da ci\u00eancia no mundo e disse que 35% da produ\u00e7\u00e3o cient\u00edfica global \u00e9 atualmente assinada por cientistas de mais de um pa\u00eds.<\/p>\n<p>Peter Olesen, do Conselho Dinamarqu\u00eas de Pesquisa Estrat\u00e9gica, que tem um\u00a0<a href=\"http:\/\/www.fapesp.br\/6365\" target=\"_blank\">conv\u00eanio com a FAPESP<\/a>na \u00e1rea de agricultura, descreveu o conceito de \u201cpesquisa estrat\u00e9gica\u201d &#8212; o eixo de sua ag\u00eancia, pelo qual as pesquisas s\u00e3o orientadas por problemas reais do mundo que comp\u00f5em o interesse estrat\u00e9gico da Dinamarca, n\u00e3o pela divis\u00e3o tradicional dos ramos da ci\u00eancia.<\/p>\n<p>Brito Cruz, diretor cient\u00edfico da FAPESP, que fechou o painel, fez uma exposi\u00e7\u00e3o sobre os programas de coopera\u00e7\u00e3o internacional da Funda\u00e7\u00e3o e ressaltou a import\u00e2ncia que eles t\u00eam na estrat\u00e9gia da Funda\u00e7\u00e3o. \u201cQuando cientistas de v\u00e1rios pa\u00edses interagem, eles t\u00eam mais e melhores ideias\u201d, disse ele.<\/p>\n","protected":false},"excerpt":{"rendered":"<p>Por Carlos Eduardo Lins da Silva, de Londres, Ag\u00eancia FAPESP\u00a0\u2013 O presidente da FAPESP, Celso Lafer, o vice-presidente, Eduardo Krieger, e o diretor cient\u00edfico, Carlos Henrique de Brito Cruz, participaram na quinta-feira (26\/09) em Londres de uma reuni\u00e3o com dirigentes de 14 conselhos de pesquisa na Europa, na qual foram discutidas quest\u00f5es de pol\u00edtica cient\u00edfica [&hellip;]<\/p>\n","protected":false},"author":2,"featured_media":36246,"comment_status":"closed","ping_status":"closed","sticky":false,"template":"","format":"standard","meta":{"tdm_status":"","tdm_grid_status":"","footnotes":""},"categories":[22],"tags":[],"class_list":{"0":"post-47965","1":"post","2":"type-post","3":"status-publish","4":"format-standard","5":"has-post-thumbnail","7":"category-brasil"},"_links":{"self":[{"href":"https:\/\/migracao.redenoticia.com.br\/noticia\/wp-json\/wp\/v2\/posts\/47965","targetHints":{"allow":["GET"]}}],"collection":[{"href":"https:\/\/migracao.redenoticia.com.br\/noticia\/wp-json\/wp\/v2\/posts"}],"about":[{"href":"https:\/\/migracao.redenoticia.com.br\/noticia\/wp-json\/wp\/v2\/types\/post"}],"author":[{"embeddable":true,"href":"https:\/\/migracao.redenoticia.com.br\/noticia\/wp-json\/wp\/v2\/users\/2"}],"replies":[{"embeddable":true,"href":"https:\/\/migracao.redenoticia.com.br\/noticia\/wp-json\/wp\/v2\/comments?post=47965"}],"version-history":[{"count":0,"href":"https:\/\/migracao.redenoticia.com.br\/noticia\/wp-json\/wp\/v2\/posts\/47965\/revisions"}],"wp:featuredmedia":[{"embeddable":true,"href":"https:\/\/migracao.redenoticia.com.br\/noticia\/wp-json\/wp\/v2\/media\/36246"}],"wp:attachment":[{"href":"https:\/\/migracao.redenoticia.com.br\/noticia\/wp-json\/wp\/v2\/media?parent=47965"}],"wp:term":[{"taxonomy":"category","embeddable":true,"href":"https:\/\/migracao.redenoticia.com.br\/noticia\/wp-json\/wp\/v2\/categories?post=47965"},{"taxonomy":"post_tag","embeddable":true,"href":"https:\/\/migracao.redenoticia.com.br\/noticia\/wp-json\/wp\/v2\/tags?post=47965"}],"curies":[{"name":"wp","href":"https:\/\/api.w.org\/{rel}","templated":true}]}}