{"id":47967,"date":"2013-09-27T16:46:54","date_gmt":"2013-09-27T19:46:54","guid":{"rendered":"http:\/\/www.redenoticia.com.br\/noticia\/?p=47967"},"modified":"2013-09-27T16:46:54","modified_gmt":"2013-09-27T19:46:54","slug":"endividamento-das-familias-cresceu-pelo-setimo-mes-seguido","status":"publish","type":"post","link":"https:\/\/migracao.redenoticia.com.br\/noticia\/2013\/endividamento-das-familias-cresceu-pelo-setimo-mes-seguido\/47967","title":{"rendered":"Endividamento das fam\u00edlias cresceu pelo s\u00e9timo m\u00eas seguido"},"content":{"rendered":"<p>Bras\u00edlia \u2013 O<em><strong> endividamento das fam\u00edlias<\/strong><\/em> com o sistema financeiro cresceu pelo s\u00e9timo m\u00eas seguido, em julho, segundo dados divulgados hoje (27) pelo Banco Central (BC). Em julho, a d\u00edvida total das fam\u00edlias equivalia a 45,1% da renda acumulada nos \u00faltimos 12 meses. Este \u00e9 o maior percentual da s\u00e9rie hist\u00f3rica do BC, iniciada em janeiro de 2005.<\/p>\n<p>Desconsiderando-se desse indicador o endividamento com financiamento imobili\u00e1rio, o percentual ficou em 30,42%, com leve redu\u00e7\u00e3o em rela\u00e7\u00e3o ao de junho (30,49%).<\/p>\n<p>Para o chefe do Departamento Econ\u00f4mico do BC, Tulio Maciel, o crescimento do endividamento das fam\u00edlias ocorre \u201cem condi\u00e7\u00f5es seguras e sustent\u00e1veis do sistema financeiro\u201d. Segundo ele, a expans\u00e3o \u00e9 influenciada pelo crescimento do cr\u00e9dito imobili\u00e1rio. \u201cO endividamento cresce de forma saud\u00e1vel, principalmente para investimento (compra da casa pr\u00f3pria)\u201d, ressaltou.<\/p>\n<p>Os dados do Banco Central tamb\u00e9m mostram que a parcela da renda familiar com as presta\u00e7\u00f5es chegou a 21,5%, em julho, contra 21,58% no m\u00eas anterior. A parcela da renda usada em julho para pagamento de juros e encargos ficou em 8,75%, ante 8,66 em junho.<\/p>\n<p>Kelly Oliveira<br \/>\nRep\u00f3rter da Ag\u00eancia Brasil<br \/>\nEdi\u00e7\u00e3o: N\u00e1dia Franco<\/p>\n","protected":false},"excerpt":{"rendered":"<p>Bras\u00edlia \u2013 O endividamento das fam\u00edlias com o sistema financeiro cresceu pelo s\u00e9timo m\u00eas seguido, em julho, segundo dados divulgados hoje (27) pelo Banco Central (BC). Em julho, a d\u00edvida total das fam\u00edlias equivalia a 45,1% da renda acumulada nos \u00faltimos 12 meses. Este \u00e9 o maior percentual da s\u00e9rie hist\u00f3rica do BC, iniciada em [&hellip;]<\/p>\n","protected":false},"author":2,"featured_media":40517,"comment_status":"closed","ping_status":"closed","sticky":false,"template":"","format":"standard","meta":{"tdm_status":"","tdm_grid_status":"","footnotes":""},"categories":[22,7],"tags":[],"class_list":{"0":"post-47967","1":"post","2":"type-post","3":"status-publish","4":"format-standard","5":"has-post-thumbnail","7":"category-brasil","8":"category-economia"},"_links":{"self":[{"href":"https:\/\/migracao.redenoticia.com.br\/noticia\/wp-json\/wp\/v2\/posts\/47967","targetHints":{"allow":["GET"]}}],"collection":[{"href":"https:\/\/migracao.redenoticia.com.br\/noticia\/wp-json\/wp\/v2\/posts"}],"about":[{"href":"https:\/\/migracao.redenoticia.com.br\/noticia\/wp-json\/wp\/v2\/types\/post"}],"author":[{"embeddable":true,"href":"https:\/\/migracao.redenoticia.com.br\/noticia\/wp-json\/wp\/v2\/users\/2"}],"replies":[{"embeddable":true,"href":"https:\/\/migracao.redenoticia.com.br\/noticia\/wp-json\/wp\/v2\/comments?post=47967"}],"version-history":[{"count":0,"href":"https:\/\/migracao.redenoticia.com.br\/noticia\/wp-json\/wp\/v2\/posts\/47967\/revisions"}],"wp:featuredmedia":[{"embeddable":true,"href":"https:\/\/migracao.redenoticia.com.br\/noticia\/wp-json\/wp\/v2\/media\/40517"}],"wp:attachment":[{"href":"https:\/\/migracao.redenoticia.com.br\/noticia\/wp-json\/wp\/v2\/media?parent=47967"}],"wp:term":[{"taxonomy":"category","embeddable":true,"href":"https:\/\/migracao.redenoticia.com.br\/noticia\/wp-json\/wp\/v2\/categories?post=47967"},{"taxonomy":"post_tag","embeddable":true,"href":"https:\/\/migracao.redenoticia.com.br\/noticia\/wp-json\/wp\/v2\/tags?post=47967"}],"curies":[{"name":"wp","href":"https:\/\/api.w.org\/{rel}","templated":true}]}}