{"id":47969,"date":"2013-09-27T16:48:41","date_gmt":"2013-09-27T19:48:41","guid":{"rendered":"http:\/\/www.redenoticia.com.br\/noticia\/?p=47969"},"modified":"2013-09-27T16:48:41","modified_gmt":"2013-09-27T19:48:41","slug":"pos-em-demografia-na-unicamp","status":"publish","type":"post","link":"https:\/\/migracao.redenoticia.com.br\/noticia\/2013\/pos-em-demografia-na-unicamp\/47969","title":{"rendered":"P\u00f3s em Demografia na Unicamp"},"content":{"rendered":"<p>Ag\u00eancia FAPESP\u00a0\u2013 O Instituto de Filosofia e Ci\u00eancias Humanas da Universidade Estadual de Campinas (IFCH\/Unicamp) est\u00e1 com inscri\u00e7\u00f5es abertas, at\u00e9 1\u00ba de outubro, para o Programa de <em><strong>P\u00f3s-Gradua\u00e7\u00e3o em Demografia<\/strong><\/em>.\u00a0O programa \u00e9 voltado a quest\u00f5es relevantes da demografia, abordadas a partir de uma perspectiva multidisciplinar e em estreito di\u00e1logo com a realidade social brasileira e com a produ\u00e7\u00e3o cient\u00edfica na \u00e1rea, em \u00e2mbito nacional e internacional.<\/p>\n<p>H\u00e1 15 vagas dispon\u00edveis aos candidatos ao mestrado e 10 para o doutorado. H\u00e1 duas linhas de pesquisa no programa: estudos de popula\u00e7\u00e3o e din\u00e2mica demogr\u00e1fica e pol\u00edticas sociais.<\/p>\n<p>O curso de mestrado tem como objetivo introduzir os alunos no campo do conhecimento da demografia, abrangendo os aspectos relacionados \u00e0 din\u00e2mica da popula\u00e7\u00e3o. O processo seletivo do curso envolve a an\u00e1lise dos documentos e do plano de trabalho do candidato, prova escrita, exame de profici\u00eancia em ingl\u00eas e entrevista. Todas as etapas t\u00eam car\u00e1ter eliminat\u00f3rio.<\/p>\n<p>J\u00e1 o doutorado \u00e9 direcionado aos que j\u00e1 dominam o fazer cient\u00edfico e podem assimilar e aprofundar conhecimentos na \u00e1rea de an\u00e1lise demogr\u00e1fica e popula\u00e7\u00e3o. A sele\u00e7\u00e3o dos candidatos consistir\u00e1 na an\u00e1lise dos documentos e dos projetos ou ensaios, exame de profici\u00eancia em ingl\u00eas e entrevista. Assim como para o mestrado, as etapas tamb\u00e9m s\u00e3o eliminat\u00f3rias.<\/p>\n<p>As inscri\u00e7\u00f5es para ambos os processos podem ser feitas por e-mail (selecaodemografia@gmail.com), presencialmente ou pelo correio. Em todos os casos o formul\u00e1rio de inscri\u00e7\u00e3o deve ser preenchido on-line.<\/p>\n<p>A secretaria de p\u00f3s-gradua\u00e7\u00e3o fica na Rua Cora Coralina, s\/n\u00ba, em Campinas, interior de S\u00e3o Paulo.<\/p>\n<p>Mais informa\u00e7\u00f5es\u00a0<a href=\"http:\/\/www.ifch.unicamp.br\/pos\/demografia\/index.php?texto=mostra_noticia&amp;menu=menusecretaria&amp;codevenot=2823\" target=\"_blank\">http:\/\/www.ifch.unicamp.br\/pos\/demografia\/index.php?texto=mostra_noticia&amp;menu=menusecretaria&amp;codevenot=2823<\/a><\/p>\n","protected":false},"excerpt":{"rendered":"<p>Ag\u00eancia FAPESP\u00a0\u2013 O Instituto de Filosofia e Ci\u00eancias Humanas da Universidade Estadual de Campinas (IFCH\/Unicamp) est\u00e1 com inscri\u00e7\u00f5es abertas, at\u00e9 1\u00ba de outubro, para o Programa de P\u00f3s-Gradua\u00e7\u00e3o em Demografia.\u00a0O programa \u00e9 voltado a quest\u00f5es relevantes da demografia, abordadas a partir de uma perspectiva multidisciplinar e em estreito di\u00e1logo com a realidade social brasileira e [&hellip;]<\/p>\n","protected":false},"author":2,"featured_media":34681,"comment_status":"closed","ping_status":"closed","sticky":false,"template":"","format":"standard","meta":{"tdm_status":"","tdm_grid_status":"","footnotes":""},"categories":[22,351,370],"tags":[],"class_list":{"0":"post-47969","1":"post","2":"type-post","3":"status-publish","4":"format-standard","5":"has-post-thumbnail","7":"category-brasil","8":"category-cursos","9":"category-inscricao"},"_links":{"self":[{"href":"https:\/\/migracao.redenoticia.com.br\/noticia\/wp-json\/wp\/v2\/posts\/47969","targetHints":{"allow":["GET"]}}],"collection":[{"href":"https:\/\/migracao.redenoticia.com.br\/noticia\/wp-json\/wp\/v2\/posts"}],"about":[{"href":"https:\/\/migracao.redenoticia.com.br\/noticia\/wp-json\/wp\/v2\/types\/post"}],"author":[{"embeddable":true,"href":"https:\/\/migracao.redenoticia.com.br\/noticia\/wp-json\/wp\/v2\/users\/2"}],"replies":[{"embeddable":true,"href":"https:\/\/migracao.redenoticia.com.br\/noticia\/wp-json\/wp\/v2\/comments?post=47969"}],"version-history":[{"count":0,"href":"https:\/\/migracao.redenoticia.com.br\/noticia\/wp-json\/wp\/v2\/posts\/47969\/revisions"}],"wp:featuredmedia":[{"embeddable":true,"href":"https:\/\/migracao.redenoticia.com.br\/noticia\/wp-json\/wp\/v2\/media\/34681"}],"wp:attachment":[{"href":"https:\/\/migracao.redenoticia.com.br\/noticia\/wp-json\/wp\/v2\/media?parent=47969"}],"wp:term":[{"taxonomy":"category","embeddable":true,"href":"https:\/\/migracao.redenoticia.com.br\/noticia\/wp-json\/wp\/v2\/categories?post=47969"},{"taxonomy":"post_tag","embeddable":true,"href":"https:\/\/migracao.redenoticia.com.br\/noticia\/wp-json\/wp\/v2\/tags?post=47969"}],"curies":[{"name":"wp","href":"https:\/\/api.w.org\/{rel}","templated":true}]}}