{"id":47971,"date":"2013-09-27T16:51:09","date_gmt":"2013-09-27T19:51:09","guid":{"rendered":"http:\/\/www.redenoticia.com.br\/noticia\/?p=47971"},"modified":"2013-09-27T16:51:09","modified_gmt":"2013-09-27T19:51:09","slug":"financiamento-imobiliario-ultrapassa-credito-pessoal-em-agosto","status":"publish","type":"post","link":"https:\/\/migracao.redenoticia.com.br\/noticia\/2013\/financiamento-imobiliario-ultrapassa-credito-pessoal-em-agosto\/47971","title":{"rendered":"Financiamento imobili\u00e1rio ultrapassa cr\u00e9dito pessoal em agosto"},"content":{"rendered":"<p>Bras\u00edlia \u2013 O saldo do cr\u00e9dito para a compra da <em><strong>casa pr\u00f3pria<\/strong><\/em> pelas fam\u00edlias ultrapassou o cr\u00e9dito pessoal, em agosto, de acordo com os dados do Banco Central (BC).<\/p>\n<p>No m\u00eas passado, o saldo do financiamento imobili\u00e1rio para pessoas f\u00edsicas ficou em R$ 314,896 bilh\u00f5es. Em agosto de 2012, esse saldo estava em R$ 233,154 bilh\u00f5es.<\/p>\n<p>J\u00e1 o cr\u00e9dito pessoal, inclu\u00eddas opera\u00e7\u00f5es consignadas em folha de pagamento, direcionado ao consumo, chegou a R$ 311,515 bilh\u00f5es, em agosto deste ano, contra R$ 270,538 bilh\u00f5es em igual m\u00eas de 2012.<\/p>\n<p>Apesar dessa expans\u00e3o do cr\u00e9dito imobili\u00e1rio, o chefe do Departamento Econ\u00f4mico do BC, Tulio Maciel, espera modera\u00e7\u00e3o, no m\u00e9dio prazo.<\/p>\n<p>Maciel tamb\u00e9m destacou que as fam\u00edlias est\u00e3o deixando uma despesa de consumo, o aluguel, para adquirir a casa pr\u00f3pria. \u201cTem um aspecto social relevante \u00e9 que o fato de as fam\u00edlias estarem constituindo patrim\u00f4nio. Est\u00e3o trocando uma despesa de consumo por uma despesa de investimento\u201d, disse.<\/p>\n<p>Kelly Oliveira<br \/>\nRep\u00f3rter da Ag\u00eancia Brasil<br \/>\nEdi\u00e7\u00e3o: Juliana Andrade<\/p>\n","protected":false},"excerpt":{"rendered":"<p>Bras\u00edlia \u2013 O saldo do cr\u00e9dito para a compra da casa pr\u00f3pria pelas fam\u00edlias ultrapassou o cr\u00e9dito pessoal, em agosto, de acordo com os dados do Banco Central (BC). No m\u00eas passado, o saldo do financiamento imobili\u00e1rio para pessoas f\u00edsicas ficou em R$ 314,896 bilh\u00f5es. Em agosto de 2012, esse saldo estava em R$ 233,154 [&hellip;]<\/p>\n","protected":false},"author":2,"featured_media":38940,"comment_status":"closed","ping_status":"closed","sticky":false,"template":"","format":"standard","meta":{"tdm_status":"","tdm_grid_status":"","footnotes":""},"categories":[22,7],"tags":[],"class_list":{"0":"post-47971","1":"post","2":"type-post","3":"status-publish","4":"format-standard","5":"has-post-thumbnail","7":"category-brasil","8":"category-economia"},"_links":{"self":[{"href":"https:\/\/migracao.redenoticia.com.br\/noticia\/wp-json\/wp\/v2\/posts\/47971","targetHints":{"allow":["GET"]}}],"collection":[{"href":"https:\/\/migracao.redenoticia.com.br\/noticia\/wp-json\/wp\/v2\/posts"}],"about":[{"href":"https:\/\/migracao.redenoticia.com.br\/noticia\/wp-json\/wp\/v2\/types\/post"}],"author":[{"embeddable":true,"href":"https:\/\/migracao.redenoticia.com.br\/noticia\/wp-json\/wp\/v2\/users\/2"}],"replies":[{"embeddable":true,"href":"https:\/\/migracao.redenoticia.com.br\/noticia\/wp-json\/wp\/v2\/comments?post=47971"}],"version-history":[{"count":0,"href":"https:\/\/migracao.redenoticia.com.br\/noticia\/wp-json\/wp\/v2\/posts\/47971\/revisions"}],"wp:featuredmedia":[{"embeddable":true,"href":"https:\/\/migracao.redenoticia.com.br\/noticia\/wp-json\/wp\/v2\/media\/38940"}],"wp:attachment":[{"href":"https:\/\/migracao.redenoticia.com.br\/noticia\/wp-json\/wp\/v2\/media?parent=47971"}],"wp:term":[{"taxonomy":"category","embeddable":true,"href":"https:\/\/migracao.redenoticia.com.br\/noticia\/wp-json\/wp\/v2\/categories?post=47971"},{"taxonomy":"post_tag","embeddable":true,"href":"https:\/\/migracao.redenoticia.com.br\/noticia\/wp-json\/wp\/v2\/tags?post=47971"}],"curies":[{"name":"wp","href":"https:\/\/api.w.org\/{rel}","templated":true}]}}