{"id":47976,"date":"2013-09-27T16:57:50","date_gmt":"2013-09-27T19:57:50","guid":{"rendered":"http:\/\/www.redenoticia.com.br\/noticia\/?p=47976"},"modified":"2013-09-27T16:57:50","modified_gmt":"2013-09-27T19:57:50","slug":"pnad-aponta-tendencia-de-queda-das-desigualdades","status":"publish","type":"post","link":"https:\/\/migracao.redenoticia.com.br\/noticia\/2013\/pnad-aponta-tendencia-de-queda-das-desigualdades\/47976","title":{"rendered":"Pnad aponta tend\u00eancia de queda das desigualdades"},"content":{"rendered":"<p>Rio da Janeiro \u2013 A Pesquisa Nacional por Amostra de Domic\u00edlios (<em><strong>Pnad)<\/strong><\/em> 2012 mostra que as desigualdades seguem tend\u00eancia de queda no Brasil, segundo a presidenta do Instituto Brasileiro de Geografia e Estat\u00edstica (IBGE), Wasm\u00e1lia Bivar.<\/p>\n<p>\u201cO \u00edndice de Gini [que mede a desigualdade de rendimentos] mostrou uma redu\u00e7\u00e3o hist\u00f3rica no caso da renda do trabalho, que ficou abaixo do 0.5 no Brasil como um todo\u201d, comentou ela. De acordo com a metodologia do \u00edndice, quanto mais pr\u00f3ximo de zero o valor, menor a desigualdade.<\/p>\n<p>\u201cPara o \u00edndice nacional, a desigualdade de fato diminuiu. No que diz respeito \u00e0s outras vari\u00e1veis, observamos a manuten\u00e7\u00e3o de certas tend\u00eancias de melhoramento, aperfei\u00e7oamento das condi\u00e7\u00f5es do mercado de trabalho, dos domic\u00edlios e em alguns indicadores da educa\u00e7\u00e3o, como taxa de frequ\u00eancia e aumento dos anos de estudo\u201d, comentou a presidenta do IBGE, durante o lan\u00e7amento da pesquisa, na manh\u00e3 (27) de hoje.<br \/>\nEntretanto, a pesquisa apresentou alguns resultados insatisfat\u00f3rios como os do analfabetismo, que parou de cair; do trabalho infantil, cujo ritmo de queda diminuiu; e o \u00edndice de Gini de todas as fontes, que se manteve est\u00e1vel ap\u00f3s oito anos de queda. Outra informa\u00e7\u00e3o ruim foi o aumento da diferen\u00e7a dos sal\u00e1rios entre homens e mulheres. Esse fen\u00f4meno, segundo Wasm\u00e1lia, dificilmente \u00e9 uma tend\u00eancia que se mantenha.<\/p>\n<p>\u201cHistoricamente, a tend\u00eancia \u00e9 redu\u00e7\u00e3o da desigualdade entre homens e mulheres. Um ponto como esse [da Pnad divulgada hoje] ocorre em fun\u00e7\u00e3o de composi\u00e7\u00f5es setoriais da ocupa\u00e7\u00e3o. Precisamos de mais tempo para ver como se comporta essa vari\u00e1vel, e n\u00f3s mulheres estamos atentas a isso\u201d, opinou.<\/p>\n<p>A economista ressaltou, de outro lado, alguns ganhos das fam\u00edlias, como o aumento da posse de bens dur\u00e1veis, que cresceu 2,5% no per\u00edodo, e do acesso \u00e0 internet, a celulares e a computadores.<\/p>\n<p>\u201cAcredito que a tend\u00eancia \u00e9 que a gente v\u00e1 crescendo todos os anos nessa abrang\u00eancia, de forma sistem\u00e1tica, \u00e0 medida que cresce tamb\u00e9m a oferta dos servi\u00e7os, pois n\u00e3o depende s\u00f3 da capacidade do domic\u00edlio de adquirir esse bem, \u00e9 preciso que os servi\u00e7os tamb\u00e9m acompanhem essa demanda\u201d, declarou ela.<\/p>\n<p>Fl\u00e1via Villela<br \/>\nRep\u00f3rter da Ag\u00eancia Brasil<br \/>\nEdi\u00e7\u00e3o: Davi Oliveira<\/p>\n","protected":false},"excerpt":{"rendered":"<p>Rio da Janeiro \u2013 A Pesquisa Nacional por Amostra de Domic\u00edlios (Pnad) 2012 mostra que as desigualdades seguem tend\u00eancia de queda no Brasil, segundo a presidenta do Instituto Brasileiro de Geografia e Estat\u00edstica (IBGE), Wasm\u00e1lia Bivar. \u201cO \u00edndice de Gini [que mede a desigualdade de rendimentos] mostrou uma redu\u00e7\u00e3o hist\u00f3rica no caso da renda do [&hellip;]<\/p>\n","protected":false},"author":2,"featured_media":40636,"comment_status":"closed","ping_status":"closed","sticky":false,"template":"","format":"standard","meta":{"tdm_status":"","tdm_grid_status":"","footnotes":""},"categories":[22],"tags":[],"class_list":{"0":"post-47976","1":"post","2":"type-post","3":"status-publish","4":"format-standard","5":"has-post-thumbnail","7":"category-brasil"},"_links":{"self":[{"href":"https:\/\/migracao.redenoticia.com.br\/noticia\/wp-json\/wp\/v2\/posts\/47976","targetHints":{"allow":["GET"]}}],"collection":[{"href":"https:\/\/migracao.redenoticia.com.br\/noticia\/wp-json\/wp\/v2\/posts"}],"about":[{"href":"https:\/\/migracao.redenoticia.com.br\/noticia\/wp-json\/wp\/v2\/types\/post"}],"author":[{"embeddable":true,"href":"https:\/\/migracao.redenoticia.com.br\/noticia\/wp-json\/wp\/v2\/users\/2"}],"replies":[{"embeddable":true,"href":"https:\/\/migracao.redenoticia.com.br\/noticia\/wp-json\/wp\/v2\/comments?post=47976"}],"version-history":[{"count":0,"href":"https:\/\/migracao.redenoticia.com.br\/noticia\/wp-json\/wp\/v2\/posts\/47976\/revisions"}],"wp:featuredmedia":[{"embeddable":true,"href":"https:\/\/migracao.redenoticia.com.br\/noticia\/wp-json\/wp\/v2\/media\/40636"}],"wp:attachment":[{"href":"https:\/\/migracao.redenoticia.com.br\/noticia\/wp-json\/wp\/v2\/media?parent=47976"}],"wp:term":[{"taxonomy":"category","embeddable":true,"href":"https:\/\/migracao.redenoticia.com.br\/noticia\/wp-json\/wp\/v2\/categories?post=47976"},{"taxonomy":"post_tag","embeddable":true,"href":"https:\/\/migracao.redenoticia.com.br\/noticia\/wp-json\/wp\/v2\/tags?post=47976"}],"curies":[{"name":"wp","href":"https:\/\/api.w.org\/{rel}","templated":true}]}}