{"id":47978,"date":"2013-09-27T17:01:15","date_gmt":"2013-09-27T20:01:15","guid":{"rendered":"http:\/\/www.redenoticia.com.br\/noticia\/?p=47978"},"modified":"2013-09-27T17:01:15","modified_gmt":"2013-09-27T20:01:15","slug":"guia-online-sp-mostra-como-ter-acesso-a-justica","status":"publish","type":"post","link":"https:\/\/migracao.redenoticia.com.br\/noticia\/2013\/guia-online-sp-mostra-como-ter-acesso-a-justica\/47978","title":{"rendered":"Guia online SP mostra como ter acesso \u00e0 Justi\u00e7a"},"content":{"rendered":"<p>Nos momentos em que precisamos fazer valer nossos direitos, solucionar desaven\u00e7as e reverter poss\u00edveis injusti\u00e7as \u00e9 preciso a ajuda especializada de uma <em><strong>assist\u00eancia jur\u00eddica<\/strong><\/em> ou de um servi\u00e7o de media\u00e7\u00e3o.<\/p>\n<p>A Biblioteca Virtual do Estado de S\u00e3o Paulo preparou um material completo sobre o assunto para quem acessar saber a quem recorrer nas horas de dificuldade, nas mais diversas situa\u00e7\u00f5es, envolvendo quest\u00f5es de justi\u00e7a. Clique\u00a0<a href=\"http:\/\/www.bibliotecavirtual.sp.gov.br\/especial\/201308-assistenciajudiciaria.php\" target=\"_blank\">aqui<\/a>\u00a0para ter acesso ao especial.<\/p>\n<p>Respons\u00e1vel por disponibilizar a base de dados de programas e projetos sociais, a Biblioteca Virtual re\u00fane todas as informa\u00e7\u00f5es e contatos das atividades voltadas ao desenvolvimento social da popula\u00e7\u00e3o mantidas pelas secretarias do Governo do Estado de S\u00e3o Paulo.<\/p>\n<p>Do Portal do Governo do Estado<\/p>\n<p>Criada em 1997 para atender inicialmente ao p\u00fablico interno dos \u00f3rg\u00e3os da administra\u00e7\u00e3o p\u00fablica estadual, a Biblioteca Virtual do Governo do Estado de S\u00e3o Paulo \u00e9 um servi\u00e7o de informa\u00e7\u00e3o eletr\u00f4nico e gratuito.<\/p>\n<p>Atualmente subordinada \u00e0 Subsecretaria de Comunica\u00e7\u00e3o da Casa Civil, a Biblioteca Virtual atua no recebimento, an\u00e1lise e atendimento das mensagens enviadas pelo Fale Conosco do Portal do Governo do Estado de S\u00e3o Paulo e de outros sites do governo paulista. O nosso objetivo principal \u00e9 realizar o atendimento de todas as mensagens enviadas ao governo por meio eletr\u00f4nico, enviando as informa\u00e7\u00f5es solicitadas ou encaminhando ao \u00f3rg\u00e3o, departamento ou secretaria respons\u00e1vel.<\/p>\n","protected":false},"excerpt":{"rendered":"<p>Nos momentos em que precisamos fazer valer nossos direitos, solucionar desaven\u00e7as e reverter poss\u00edveis injusti\u00e7as \u00e9 preciso a ajuda especializada de uma assist\u00eancia jur\u00eddica ou de um servi\u00e7o de media\u00e7\u00e3o. A Biblioteca Virtual do Estado de S\u00e3o Paulo preparou um material completo sobre o assunto para quem acessar saber a quem recorrer nas horas de [&hellip;]<\/p>\n","protected":false},"author":2,"featured_media":37419,"comment_status":"closed","ping_status":"closed","sticky":false,"template":"","format":"standard","meta":{"tdm_status":"","tdm_grid_status":"","footnotes":""},"categories":[22],"tags":[],"class_list":{"0":"post-47978","1":"post","2":"type-post","3":"status-publish","4":"format-standard","5":"has-post-thumbnail","7":"category-brasil"},"_links":{"self":[{"href":"https:\/\/migracao.redenoticia.com.br\/noticia\/wp-json\/wp\/v2\/posts\/47978","targetHints":{"allow":["GET"]}}],"collection":[{"href":"https:\/\/migracao.redenoticia.com.br\/noticia\/wp-json\/wp\/v2\/posts"}],"about":[{"href":"https:\/\/migracao.redenoticia.com.br\/noticia\/wp-json\/wp\/v2\/types\/post"}],"author":[{"embeddable":true,"href":"https:\/\/migracao.redenoticia.com.br\/noticia\/wp-json\/wp\/v2\/users\/2"}],"replies":[{"embeddable":true,"href":"https:\/\/migracao.redenoticia.com.br\/noticia\/wp-json\/wp\/v2\/comments?post=47978"}],"version-history":[{"count":0,"href":"https:\/\/migracao.redenoticia.com.br\/noticia\/wp-json\/wp\/v2\/posts\/47978\/revisions"}],"wp:featuredmedia":[{"embeddable":true,"href":"https:\/\/migracao.redenoticia.com.br\/noticia\/wp-json\/wp\/v2\/media\/37419"}],"wp:attachment":[{"href":"https:\/\/migracao.redenoticia.com.br\/noticia\/wp-json\/wp\/v2\/media?parent=47978"}],"wp:term":[{"taxonomy":"category","embeddable":true,"href":"https:\/\/migracao.redenoticia.com.br\/noticia\/wp-json\/wp\/v2\/categories?post=47978"},{"taxonomy":"post_tag","embeddable":true,"href":"https:\/\/migracao.redenoticia.com.br\/noticia\/wp-json\/wp\/v2\/tags?post=47978"}],"curies":[{"name":"wp","href":"https:\/\/api.w.org\/{rel}","templated":true}]}}