{"id":48,"date":"2009-03-31T00:12:00","date_gmt":"2009-03-31T03:12:00","guid":{"rendered":"http:\/\/www.redenoticia.com.br\/noticia\/?p=48"},"modified":"2009-04-10T16:58:41","modified_gmt":"2009-04-10T19:58:41","slug":"facer-realiza-eleicao-na-acijip","status":"publish","type":"post","link":"https:\/\/migracao.redenoticia.com.br\/noticia\/2009\/facer-realiza-eleicao-na-acijip\/48","title":{"rendered":"Facer realiza Elei\u00e7\u00e3o na Acijip"},"content":{"rendered":"\n<p class=\"MsoNormal\">[singlepic id=234 w=320 h=240 float=left]A federa\u00e7\u00e3o das Associa\u00e7\u00f5es Comerciais e Empresariais do Estado de Rond\u00f4nia (Facer) elegeu sua nova diretoria para os pr\u00f3ximos dois anos<\/p>\n<p class=\"MsoNormal\">A vota\u00e7\u00e3o aconteceu pela primeira vez em Ji-Parana, em 24 anos de Facer.<\/p>\n<p class=\"MsoNormal\">Foi reeleito o comerciante Ednei Pereira dos Santos, que encabe\u00e7ou chapa \u00fanica. Outra novidade foi a participa\u00e7\u00e3o na chapa eleita do representante de Ji-Paran\u00e1, o presidente da Acijip Marcito Pinto. Em Rond\u00f4nia s\u00e3o 36 associa\u00e7\u00f5es filiadas na Facer, sendo que 23 aptas a votar. Para o Presidente reeleito, o trabalho de capacita\u00e7\u00e3o feito nas associa\u00e7\u00f5es e estudos voltados a economia de cada cidade devem continuar. Estamos reorganizando as associa\u00e7\u00f5es e dando apoio para crescimento da economia no estado. Para os investidores que est\u00e3o chegando no Estado, fornecemos informa\u00e7\u00f5es sobre locais que devem ser instaladas as empresas. Temos um diagnostico da potencialidade da cada munic\u00edpio, informou Ednei. O presidente da Acijip destacou a uni\u00e3o das associa\u00e7\u00f5es do interior, que participaram com representante de dez munic\u00edpios &#8220;N\u00e3o s\u00f3 a capital, mas tamb\u00e9m o interior tem dado for\u00e7a para alavancar a economia no estado. Com esta uni\u00e3o e a\u00e7\u00f5es queremos fortalecer todas as associa\u00e7\u00f5es&#8221;.<\/p>\n<p class=\"MsoNormal\">\n<p class=\"MsoNormal\">Fonte FACER<\/p>\n","protected":false},"excerpt":{"rendered":"<p>[singlepic id=234 w=320 h=240 float=left]A federa\u00e7\u00e3o das Associa\u00e7\u00f5es Comerciais e Empresariais do Estado de Rond\u00f4nia (Facer) elegeu sua nova diretoria para os pr\u00f3ximos dois anos A vota\u00e7\u00e3o aconteceu pela primeira vez em Ji-Parana, em 24 anos de Facer. Foi reeleito o comerciante Ednei Pereira dos Santos, que encabe\u00e7ou chapa \u00fanica. Outra novidade foi a participa\u00e7\u00e3o [&hellip;]<\/p>\n","protected":false},"author":2,"featured_media":0,"comment_status":"open","ping_status":"open","sticky":false,"template":"","format":"standard","meta":{"tdm_status":"","tdm_grid_status":"","footnotes":""},"categories":[7],"tags":[],"class_list":{"0":"post-48","1":"post","2":"type-post","3":"status-publish","4":"format-standard","6":"category-economia"},"_links":{"self":[{"href":"https:\/\/migracao.redenoticia.com.br\/noticia\/wp-json\/wp\/v2\/posts\/48","targetHints":{"allow":["GET"]}}],"collection":[{"href":"https:\/\/migracao.redenoticia.com.br\/noticia\/wp-json\/wp\/v2\/posts"}],"about":[{"href":"https:\/\/migracao.redenoticia.com.br\/noticia\/wp-json\/wp\/v2\/types\/post"}],"author":[{"embeddable":true,"href":"https:\/\/migracao.redenoticia.com.br\/noticia\/wp-json\/wp\/v2\/users\/2"}],"replies":[{"embeddable":true,"href":"https:\/\/migracao.redenoticia.com.br\/noticia\/wp-json\/wp\/v2\/comments?post=48"}],"version-history":[{"count":0,"href":"https:\/\/migracao.redenoticia.com.br\/noticia\/wp-json\/wp\/v2\/posts\/48\/revisions"}],"wp:attachment":[{"href":"https:\/\/migracao.redenoticia.com.br\/noticia\/wp-json\/wp\/v2\/media?parent=48"}],"wp:term":[{"taxonomy":"category","embeddable":true,"href":"https:\/\/migracao.redenoticia.com.br\/noticia\/wp-json\/wp\/v2\/categories?post=48"},{"taxonomy":"post_tag","embeddable":true,"href":"https:\/\/migracao.redenoticia.com.br\/noticia\/wp-json\/wp\/v2\/tags?post=48"}],"curies":[{"name":"wp","href":"https:\/\/api.w.org\/{rel}","templated":true}]}}