{"id":48076,"date":"2013-09-30T15:49:44","date_gmt":"2013-09-30T18:49:44","guid":{"rendered":"http:\/\/www.redenoticia.com.br\/noticia\/?p=48076"},"modified":"2013-09-30T15:49:44","modified_gmt":"2013-09-30T18:49:44","slug":"bc-reduz-projecao-para-crescimento-da-economia-para-25-este-ano","status":"publish","type":"post","link":"https:\/\/migracao.redenoticia.com.br\/noticia\/2013\/bc-reduz-projecao-para-crescimento-da-economia-para-25-este-ano\/48076","title":{"rendered":"BC reduz proje\u00e7\u00e3o para crescimento da economia para 2,5% este ano"},"content":{"rendered":"<p>Bras\u00edlia \u2013 O Banco Central (BC) reduziu a <em><strong>proje\u00e7\u00e3o de crescimento da economia,<\/strong><\/em> este ano, de 2,7% para 2,5%. A estimativa para a expans\u00e3o do Produto Interno Bruto (PIB), soma de todos os bens e servi\u00e7os produzidos no pa\u00eds, foi divulgada hoje (30) pelo Banco Central, no Relat\u00f3rio Trimestral de Infla\u00e7\u00e3o.<\/p>\n<p>O BC tamb\u00e9m divulgou a proje\u00e7\u00e3o para o crescimento do PIB em quatro trimestres encerrados em junho de 2014 (2,5%).<\/p>\n<p>De acordo com os \u00faltimos dados do Instituto Brasileiro de Geografia e Estat\u00edstica (IBGE), que calcula o PIB, a economia brasileira cresceu 1,5% no segundo trimestre deste ano, em rela\u00e7\u00e3o ao trimestre anterior.<\/p>\n<p>O PIB \u2013 soma de todos os bens e servi\u00e7os produzidos no pa\u00eds \u2013 totalizou R$ 1,2 trilh\u00e3o no per\u00edodo de abril a junho. No acumulado do ano, a expans\u00e3o foi 2,6% e, em 12 meses encerrados em junho, 1,9%.<\/p>\n<p>Kelly Oliveira<br \/>\nRep\u00f3rter da Ag\u00eancia Brasil<br \/>\nEdi\u00e7\u00e3o: Talita Cavalcante<\/p>\n<p>&#8212;<br \/>\nO produto interno bruto (PIB) representa a soma (em valores monet\u00e1rios) de todos os bens e servi\u00e7os finais produzidos numa determinada regi\u00e3o (quer sejam pa\u00edses, estados ou cidades), durante um per\u00edodo determinado (m\u00eas, trimestre, ano, etc). O PIB \u00e9 um dos indicadores mais utilizados na macroeconomia com o objetivo de mensurar a atividade econ\u00f4mica de uma regi\u00e3o.<\/p>\n","protected":false},"excerpt":{"rendered":"<p>Bras\u00edlia \u2013 O Banco Central (BC) reduziu a proje\u00e7\u00e3o de crescimento da economia, este ano, de 2,7% para 2,5%. A estimativa para a expans\u00e3o do Produto Interno Bruto (PIB), soma de todos os bens e servi\u00e7os produzidos no pa\u00eds, foi divulgada hoje (30) pelo Banco Central, no Relat\u00f3rio Trimestral de Infla\u00e7\u00e3o. O BC tamb\u00e9m divulgou [&hellip;]<\/p>\n","protected":false},"author":2,"featured_media":40517,"comment_status":"open","ping_status":"closed","sticky":false,"template":"","format":"standard","meta":{"tdm_status":"","tdm_grid_status":"","footnotes":""},"categories":[22,7],"tags":[],"class_list":{"0":"post-48076","1":"post","2":"type-post","3":"status-publish","4":"format-standard","5":"has-post-thumbnail","7":"category-brasil","8":"category-economia"},"_links":{"self":[{"href":"https:\/\/migracao.redenoticia.com.br\/noticia\/wp-json\/wp\/v2\/posts\/48076","targetHints":{"allow":["GET"]}}],"collection":[{"href":"https:\/\/migracao.redenoticia.com.br\/noticia\/wp-json\/wp\/v2\/posts"}],"about":[{"href":"https:\/\/migracao.redenoticia.com.br\/noticia\/wp-json\/wp\/v2\/types\/post"}],"author":[{"embeddable":true,"href":"https:\/\/migracao.redenoticia.com.br\/noticia\/wp-json\/wp\/v2\/users\/2"}],"replies":[{"embeddable":true,"href":"https:\/\/migracao.redenoticia.com.br\/noticia\/wp-json\/wp\/v2\/comments?post=48076"}],"version-history":[{"count":0,"href":"https:\/\/migracao.redenoticia.com.br\/noticia\/wp-json\/wp\/v2\/posts\/48076\/revisions"}],"wp:featuredmedia":[{"embeddable":true,"href":"https:\/\/migracao.redenoticia.com.br\/noticia\/wp-json\/wp\/v2\/media\/40517"}],"wp:attachment":[{"href":"https:\/\/migracao.redenoticia.com.br\/noticia\/wp-json\/wp\/v2\/media?parent=48076"}],"wp:term":[{"taxonomy":"category","embeddable":true,"href":"https:\/\/migracao.redenoticia.com.br\/noticia\/wp-json\/wp\/v2\/categories?post=48076"},{"taxonomy":"post_tag","embeddable":true,"href":"https:\/\/migracao.redenoticia.com.br\/noticia\/wp-json\/wp\/v2\/tags?post=48076"}],"curies":[{"name":"wp","href":"https:\/\/api.w.org\/{rel}","templated":true}]}}