{"id":4810,"date":"2009-07-07T10:49:10","date_gmt":"2009-07-07T14:49:10","guid":{"rendered":"http:\/\/www.redenoticia.com.br\/noticia\/?p=4810"},"modified":"2009-07-07T10:49:10","modified_gmt":"2009-07-07T14:49:10","slug":"previsao-do-tempo-registra-chuvas-e-vento-de-75kmh-na-regiao-sul-do-brasil-0707","status":"publish","type":"post","link":"https:\/\/migracao.redenoticia.com.br\/noticia\/2009\/previsao-do-tempo-registra-chuvas-e-vento-de-75kmh-na-regiao-sul-do-brasil-0707\/4810","title":{"rendered":"Previs\u00e3o do tempo registra chuvas e vento de 75Km\/h na regi\u00e3o sul do Brasil (07\/07)"},"content":{"rendered":"<p>A nova frente fria que formou-se entre o Rio Grande do Sul e Santa Catarina j\u00e1 provoca pancadas de chuva e trovoadas na Regi\u00e3o. Em Porto Alegre come\u00e7ou a chover e trovejar ainda no in\u00edcio da madrugada, com registro de rajadas de 60km\/h e chuvas moderadas. Em Ca\u00e7apava do Sul, tamb\u00e9m no Estado ga\u00facho, as rajadas alcan\u00e7aram quase os 75km\/h.<\/p>\n<p>No Paran\u00e1 e em boa parte do Sudeste, Centro-Oeste e Nordeste, o tempo permanece seco nesta manh\u00e3 de ter\u00e7a-feira, apenas com alguma nebulosidade. Ali\u00e1s, nevoeiros cobriram parte da Regi\u00e3o Metropolitana de S\u00e3o Paulo, onde em Guarulhos, o aeroporto de Cumbica registrou visibilidade de apenas 100 metros.<\/p>\n<p>No leste e norte do Nordeste, as ondas de leste ainda causam chuvas na forma de pancadas. As chuvas moderadas atingiram Salvador no final da noite de ontem e Natal, j\u00e1 no final da madrugada. Na Regi\u00e3o Norte, algumas nuvens mais carregadas provocam pancadas de chuva e trovoadas na Ilha de Maraj\u00f3, norte do Par\u00e1, Amazonas, Roraima, Acre e Rond\u00f4nia.<\/p>\n<p>De acordo com os meteorologistas da Somar, no decorrer do dia, a frente fria provoca pancadas de chuva e trovoadas na maior parte do Rio Grande do Sul, no oeste e sul de Santa Catarina e no sudoeste do Paran\u00e1. Esperam-se chuvas generalizadas e intensas no norte do Rio Grande do Sul, com acumulado de at\u00e9 60mm em 24 horas. A frente fria tamb\u00e9m favorece o retorno das chuvas isoladas e com baixo acumulado no sudoeste de Mato Grosso do Sul e de Mato Grosso.<\/p>\n<p>Na regi\u00e3o Norte, as chuvas na forma de pancadas atingem boa parte do Acre, o oeste e norte do Amazonas, Roraima, norte do Par\u00e1 e o Amap\u00e1. No Nordeste, as Ondas de Leste migram pela costa e hoje as chuvas mais intensas ser\u00e3o registradas no litoral da Bahia e no noroeste do Maranh\u00e3o, com acumulado superior a 20mm em 24 horas.<\/p>\n<p>Na maior parte do Sudeste, Centro-Oeste, interior do Nordeste, e nos Estados de Tocantins, boa parte do Amazonas e leste do Acre, o tempo permanece seco, ensolarado e com baixa umidade do ar. Nesta ter\u00e7a-feira as temperaturas n\u00e3o sobem muito na maior parte do Sudeste, do Distrito Federal e do Estado da Bahia, com m\u00e1xima entre 20\u00b0C e 26\u00b0C. J\u00e1 na maior parte da Regi\u00e3o Centro-Oeste, Norte e Nordeste, faz calor, com m\u00e1xima de quase 35\u00b0C em v\u00e1rias localidades.<\/p>\n","protected":false},"excerpt":{"rendered":"<p>A nova frente fria que formou-se entre o Rio Grande do Sul e Santa Catarina j\u00e1 provoca pancadas de chuva e trovoadas na Regi\u00e3o. Em Porto Alegre come\u00e7ou a chover e trovejar ainda no in\u00edcio da madrugada, com registro de rajadas de 60km\/h e chuvas moderadas. Em Ca\u00e7apava do Sul, tamb\u00e9m no Estado ga\u00facho, as [&hellip;]<\/p>\n","protected":false},"author":3,"featured_media":0,"comment_status":"open","ping_status":"open","sticky":false,"template":"","format":"standard","meta":{"tdm_status":"","tdm_grid_status":"","footnotes":""},"categories":[22],"tags":[],"class_list":{"0":"post-4810","1":"post","2":"type-post","3":"status-publish","4":"format-standard","6":"category-brasil"},"_links":{"self":[{"href":"https:\/\/migracao.redenoticia.com.br\/noticia\/wp-json\/wp\/v2\/posts\/4810","targetHints":{"allow":["GET"]}}],"collection":[{"href":"https:\/\/migracao.redenoticia.com.br\/noticia\/wp-json\/wp\/v2\/posts"}],"about":[{"href":"https:\/\/migracao.redenoticia.com.br\/noticia\/wp-json\/wp\/v2\/types\/post"}],"author":[{"embeddable":true,"href":"https:\/\/migracao.redenoticia.com.br\/noticia\/wp-json\/wp\/v2\/users\/3"}],"replies":[{"embeddable":true,"href":"https:\/\/migracao.redenoticia.com.br\/noticia\/wp-json\/wp\/v2\/comments?post=4810"}],"version-history":[{"count":0,"href":"https:\/\/migracao.redenoticia.com.br\/noticia\/wp-json\/wp\/v2\/posts\/4810\/revisions"}],"wp:attachment":[{"href":"https:\/\/migracao.redenoticia.com.br\/noticia\/wp-json\/wp\/v2\/media?parent=4810"}],"wp:term":[{"taxonomy":"category","embeddable":true,"href":"https:\/\/migracao.redenoticia.com.br\/noticia\/wp-json\/wp\/v2\/categories?post=4810"},{"taxonomy":"post_tag","embeddable":true,"href":"https:\/\/migracao.redenoticia.com.br\/noticia\/wp-json\/wp\/v2\/tags?post=4810"}],"curies":[{"name":"wp","href":"https:\/\/api.w.org\/{rel}","templated":true}]}}