{"id":48136,"date":"2013-10-01T14:23:47","date_gmt":"2013-10-01T17:23:47","guid":{"rendered":"http:\/\/www.redenoticia.com.br\/noticia\/?p=48136"},"modified":"2013-10-01T14:23:47","modified_gmt":"2013-10-01T17:23:47","slug":"chuvas-fortes-atingem-o-estado-de-sao-paulo-durante-toda-a-semana","status":"publish","type":"post","link":"https:\/\/migracao.redenoticia.com.br\/noticia\/2013\/chuvas-fortes-atingem-o-estado-de-sao-paulo-durante-toda-a-semana\/48136","title":{"rendered":"Chuvas fortes atingem o Estado de S\u00e3o Paulo durante toda a semana"},"content":{"rendered":"<p><em><strong>Previs\u00e3o<\/strong> <\/em>de pancadas de chuva e trovoadas em todo o Estado de S\u00e3o Paulo devido a passagem de uma nova frente fria. O acumulado promete ser elevado e h\u00e1 risco inclusive de alagamentos intransit\u00e1veis sobre o centro e norte do Estado, regi\u00f5es de Avar\u00e9, Ara\u00e7atuba, Lins, Araraquara, Catanduva e S\u00e3o Jos\u00e9 do Rio Preto, Bauru, Franca, Ituverava, Barretos e Ribeir\u00e3o Preto.<\/p>\n<p>Na quarta-feira, a forma\u00e7\u00e3o de uma \u00e1rea de baixa press\u00e3o sobre o Estado de S\u00e3o Paulo reorganiza a umidade da Amaz\u00f4nia e volta a causar chuva mais constante e forte sobre v\u00e1rios munic\u00edpios paulistas. As chuvas come\u00e7ar\u00e3o ainda na madrugada e prosseguir\u00e3o at\u00e9 o fim do dia, passando por todas as regi\u00f5es paulista, incluindo a Capital, onde h\u00e1 risco de transtornos como alagamentos. E por conta do tempo mais fechado, a temperatura m\u00e1xima voltar\u00e1 a cair.<\/p>\n<p>Na quinta-feira, depois de uma manh\u00e3 com chuva fraca, a partir do in\u00edcio da tarde volta a chover forte sobre o Vale do Para\u00edba e Serra da Mantiqueira, al\u00e9m da Grande S\u00e3o Paulo. Durante a noite, a precipita\u00e7\u00e3o se intensifica sobre o Vale do Ribeira e litoral sul do Estado, inclusive com potencial para alagamentos intransit\u00e1veis.<\/p>\n<p>E a semana vai terminar com tempo inst\u00e1vel no Estado de S\u00e3o Paulo. Segundo os meteorologistas da Somar Meteorologia, h\u00e1 previs\u00e3o de chuva forte e altos acumulados nas regi\u00f5es de Bauru, Presidente Prudente e Ara\u00e7atuba, Serra da Mantiqueira, Campinas, Serra Negra, Piracicaba, Pirassununga, S\u00e3o Carlos, Araraquara, Bauru e Lins. No fim de semana, a chuva diminui e a temperatura entra em decl\u00ednio.<\/p>\n<p>Previs\u00e3o para outubro<\/p>\n<p>Segundo previs\u00e3o da Somar Meteorologia, apesar das chuvas dessa semana, outubro ser\u00e1 um m\u00eas com precipita\u00e7\u00f5es irregulares no Estado de S\u00e3o Paulo. Assim como em setembro, os maiores acumulados dever\u00e3o ficar concentrados sobre a regi\u00e3o de divisa com o Paran\u00e1. A medida em que se avan\u00e7a para o norte paulista, regi\u00e3o da bacia do Rio Grande, os acumulados dever\u00e3o diminuir. Al\u00e9m disso, um m\u00eas de chuva irregular normalmente \u00e9 um m\u00eas quente, por isso, a temperatura dever\u00e1 ficar acima da m\u00e9dia em todo o Estado de S\u00e3o Paulo.<\/p>\n<p>&#8212;<br \/>\nDeliane Assis<br \/>\nAssessora de Imprensa &#8211; Somar Meteorologia<\/p>\n","protected":false},"excerpt":{"rendered":"<p>Previs\u00e3o de pancadas de chuva e trovoadas em todo o Estado de S\u00e3o Paulo devido a passagem de uma nova frente fria. O acumulado promete ser elevado e h\u00e1 risco inclusive de alagamentos intransit\u00e1veis sobre o centro e norte do Estado, regi\u00f5es de Avar\u00e9, Ara\u00e7atuba, Lins, Araraquara, Catanduva e S\u00e3o Jos\u00e9 do Rio Preto, Bauru, [&hellip;]<\/p>\n","protected":false},"author":2,"featured_media":26302,"comment_status":"open","ping_status":"closed","sticky":false,"template":"","format":"standard","meta":{"tdm_status":"","tdm_grid_status":"","footnotes":""},"categories":[22],"tags":[],"class_list":{"0":"post-48136","1":"post","2":"type-post","3":"status-publish","4":"format-standard","5":"has-post-thumbnail","7":"category-brasil"},"_links":{"self":[{"href":"https:\/\/migracao.redenoticia.com.br\/noticia\/wp-json\/wp\/v2\/posts\/48136","targetHints":{"allow":["GET"]}}],"collection":[{"href":"https:\/\/migracao.redenoticia.com.br\/noticia\/wp-json\/wp\/v2\/posts"}],"about":[{"href":"https:\/\/migracao.redenoticia.com.br\/noticia\/wp-json\/wp\/v2\/types\/post"}],"author":[{"embeddable":true,"href":"https:\/\/migracao.redenoticia.com.br\/noticia\/wp-json\/wp\/v2\/users\/2"}],"replies":[{"embeddable":true,"href":"https:\/\/migracao.redenoticia.com.br\/noticia\/wp-json\/wp\/v2\/comments?post=48136"}],"version-history":[{"count":0,"href":"https:\/\/migracao.redenoticia.com.br\/noticia\/wp-json\/wp\/v2\/posts\/48136\/revisions"}],"wp:featuredmedia":[{"embeddable":true,"href":"https:\/\/migracao.redenoticia.com.br\/noticia\/wp-json\/wp\/v2\/media\/26302"}],"wp:attachment":[{"href":"https:\/\/migracao.redenoticia.com.br\/noticia\/wp-json\/wp\/v2\/media?parent=48136"}],"wp:term":[{"taxonomy":"category","embeddable":true,"href":"https:\/\/migracao.redenoticia.com.br\/noticia\/wp-json\/wp\/v2\/categories?post=48136"},{"taxonomy":"post_tag","embeddable":true,"href":"https:\/\/migracao.redenoticia.com.br\/noticia\/wp-json\/wp\/v2\/tags?post=48136"}],"curies":[{"name":"wp","href":"https:\/\/api.w.org\/{rel}","templated":true}]}}