{"id":48138,"date":"2013-10-01T14:28:40","date_gmt":"2013-10-01T17:28:40","guid":{"rendered":"http:\/\/www.redenoticia.com.br\/noticia\/?p=48138"},"modified":"2013-10-01T14:28:40","modified_gmt":"2013-10-01T17:28:40","slug":"ipc-s-fecha-setembro-com-inflacao-de-03","status":"publish","type":"post","link":"https:\/\/migracao.redenoticia.com.br\/noticia\/2013\/ipc-s-fecha-setembro-com-inflacao-de-03\/48138","title":{"rendered":"IPC-S fecha setembro com infla\u00e7\u00e3o de 0,3%"},"content":{"rendered":"<p>Rio de Janeiro &#8211; O \u00cdndice de Pre\u00e7os ao Consumidor Semanal (IPC-S) fechou setembro com <em><strong>infla\u00e7\u00e3o<\/strong><\/em> de 0,3%. A taxa \u00e9 0,03 ponto percentual acima da observada na semana anterior (0,27%). Segundo a Funda\u00e7\u00e3o Getulio Vargas (FGV), o IPC-S acumula taxas de 3,63% no ano e 5,29% nos \u00faltimos 12 meses.<\/p>\n<p>A alta da taxa foi provocada principalmente por aumentos em quatro grupos de despesa, com destaque para habita\u00e7\u00e3o (cuja taxa passou de 0,43% na terceira semana de setembro para 0,51% no consolidado do m\u00eas). Tamb\u00e9m tiveram avan\u00e7o as taxas de vestu\u00e1rio (que passou de 0,65% para 0,86%), transportes (de -0,02% para 0,07%) e comunica\u00e7\u00e3o (de 0,14% para 0,2%).<\/p>\n<p>Por outro lado, tr\u00eas grupos tiveram queda na taxa: alimenta\u00e7\u00e3o (de 0,20% para 0,14%), educa\u00e7\u00e3o, leitura e recrea\u00e7\u00e3o (de 0,21% para 0,11%) e despesas diversas (de 0,22% para 0,09%). O grupo sa\u00fade e cuidados pessoais mantiveram a mesma infla\u00e7\u00e3o (0,43%).<\/p>\n<p>Vitor Abdala<br \/>\nRep\u00f3rter da Ag\u00eancia Brasil<br \/>\nEdi\u00e7\u00e3o: Talita Cavalcante<\/p>\n<p>&#8212;<\/p>\n<p>Wiki &#8211; infla\u00e7\u00e3o \u00e9 a queda do valor de mercado ou poder de compra do dinheiro. Por\u00e9m, \u00e9 popularmente usada para se referir ao aumento geral dos pre\u00e7os. Infla\u00e7\u00e3o \u00e9 o oposto de defla\u00e7\u00e3o. \u00cdndices de pre\u00e7os dentro de uma faixa entre 2 a 4,5% ao ano \u00e9 uma situa\u00e7\u00e3o chamada de estabilidade de pre\u00e7os.<\/p>\n","protected":false},"excerpt":{"rendered":"<p>Rio de Janeiro &#8211; O \u00cdndice de Pre\u00e7os ao Consumidor Semanal (IPC-S) fechou setembro com infla\u00e7\u00e3o de 0,3%. A taxa \u00e9 0,03 ponto percentual acima da observada na semana anterior (0,27%). Segundo a Funda\u00e7\u00e3o Getulio Vargas (FGV), o IPC-S acumula taxas de 3,63% no ano e 5,29% nos \u00faltimos 12 meses. A alta da taxa [&hellip;]<\/p>\n","protected":false},"author":2,"featured_media":38938,"comment_status":"open","ping_status":"closed","sticky":false,"template":"","format":"standard","meta":{"tdm_status":"","tdm_grid_status":"","footnotes":""},"categories":[22,7],"tags":[],"class_list":{"0":"post-48138","1":"post","2":"type-post","3":"status-publish","4":"format-standard","5":"has-post-thumbnail","7":"category-brasil","8":"category-economia"},"_links":{"self":[{"href":"https:\/\/migracao.redenoticia.com.br\/noticia\/wp-json\/wp\/v2\/posts\/48138","targetHints":{"allow":["GET"]}}],"collection":[{"href":"https:\/\/migracao.redenoticia.com.br\/noticia\/wp-json\/wp\/v2\/posts"}],"about":[{"href":"https:\/\/migracao.redenoticia.com.br\/noticia\/wp-json\/wp\/v2\/types\/post"}],"author":[{"embeddable":true,"href":"https:\/\/migracao.redenoticia.com.br\/noticia\/wp-json\/wp\/v2\/users\/2"}],"replies":[{"embeddable":true,"href":"https:\/\/migracao.redenoticia.com.br\/noticia\/wp-json\/wp\/v2\/comments?post=48138"}],"version-history":[{"count":0,"href":"https:\/\/migracao.redenoticia.com.br\/noticia\/wp-json\/wp\/v2\/posts\/48138\/revisions"}],"wp:featuredmedia":[{"embeddable":true,"href":"https:\/\/migracao.redenoticia.com.br\/noticia\/wp-json\/wp\/v2\/media\/38938"}],"wp:attachment":[{"href":"https:\/\/migracao.redenoticia.com.br\/noticia\/wp-json\/wp\/v2\/media?parent=48138"}],"wp:term":[{"taxonomy":"category","embeddable":true,"href":"https:\/\/migracao.redenoticia.com.br\/noticia\/wp-json\/wp\/v2\/categories?post=48138"},{"taxonomy":"post_tag","embeddable":true,"href":"https:\/\/migracao.redenoticia.com.br\/noticia\/wp-json\/wp\/v2\/tags?post=48138"}],"curies":[{"name":"wp","href":"https:\/\/api.w.org\/{rel}","templated":true}]}}