{"id":4814,"date":"2009-07-07T11:52:16","date_gmt":"2009-07-07T15:52:16","guid":{"rendered":"http:\/\/www.redenoticia.com.br\/noticia\/?p=4814"},"modified":"2009-07-07T18:56:26","modified_gmt":"2009-07-07T22:56:26","slug":"cavalgada-da-30%c2%ba-expojipa-em-ji-parana-registrou-duas-mortes","status":"publish","type":"post","link":"https:\/\/migracao.redenoticia.com.br\/noticia\/2009\/cavalgada-da-30%c2%ba-expojipa-em-ji-parana-registrou-duas-mortes\/4814","title":{"rendered":"Cavalgada da 30\u00ba EXPOJIPA, em Ji-Paran\u00e1, registrou duas mortes"},"content":{"rendered":"<p align=\"justify\"><span style=\"font-family: Arial; font-size: small;\">O excesso no consumo de bebida alco\u00f3lica naa Cavalgada de Abertura da\u00a0 Expojipa, Expodi\u00e7~so Agropecu\u00e1ria de Ji-Paran\u00e1, deu trabalho para as equipes de plant\u00e3o do Hospital Municipal (HM) e do Pronto Atendimento (PA) L1-Maring\u00e1 este ano. Centenas de atendimentos e duas mortes foram registradas no s\u00e1bado durante a cavalgada. Foram refor\u00e7ados os plant\u00f5es dos dois atendimentos j\u00e1 pensando no aumento da demanda por causa da cavalgada.<\/span><\/p>\n<p align=\"justify\"><span style=\"font-family: Arial; font-size: small;\">De acordo com a diretora de enfermagem do L1-Maring\u00e1, Marcilene Xavier foram atendidas 12 pessoas envolvidas em acidentes com carros; 32 pessoas envolvidas em acidentes com motocicletas e 18 sofreram acidentes com animais. Outras 27 pessoas se envolveram em acidentes diversos, do tipo tor\u00e7\u00f5es ou tombo com ferimento nos joelhos e pelo menos 128 pessoas foram atendidas com problemas causados por ingest\u00e3o de bebida alco\u00f3lica. Ainda no s\u00e1bado, duas pessoas foram atendidas com ferimentos produzidos por arma branca (faca), sendo que uma delas foi transferida para o HM e acabou falecendo.<\/span><\/p>\n<p align=\"justify\"><span style=\"font-family: Arial; font-size: small;\">HM<\/span><\/p>\n<p align=\"justify\"><span style=\"font-family: Arial; font-size: small;\">Welisson Henrique M. de Souza, 19 anos, foi transferido do L1-Maring\u00e1\u00a0para o Pronto-Socorro do HM por volta das 13 horas com um ferimento profundo na regi\u00e3o do t\u00f3rax. O rapaz foi atendido, mas n\u00e3o resistiu ao ferimento e foi a \u00f3bito cinco horas depois.<\/span><\/p>\n<p align=\"justify\"><span style=\"font-family: Arial; font-size: small;\">\u00c0s 7h40 do s\u00e1bado, Adriana Dias Aureliano, 19 anos, deu entrada no HM depois de sofrer queda de motocicleta. A jovem bateu com a cabe\u00e7a e teve traumatismo craniano. Adriana foi atendida, mas n\u00e3o resistiu aos ferimentos graves e faleceu por volta das 10 horas.<\/span><\/p>\n<p align=\"justify\"><span style=\"font-family: Arial; font-size: small;\">Jos\u00e9\u00a0Pl\u00ednio Ferreira Cardoso, 35 anos, deu entrada no HM por volta das 14 horas de s\u00e1bado com sintomas de embriaguez e traumatismo craniano. O homem recebeu o atendimento de emerg\u00eancia e foi encaminhado uma hora depois \u00e0 UTI do Hospital C\u00e2ndido Rondon (HCR). Na noite de segunda-feira, 6, Roberto Rossi Santos, 18, deu entrada no Pronto-Socorro. Ele foi atingido por tr\u00eas tiros, dois nas costas e um na nuca. Rossi permanece internado no HM.<\/span><\/p>\n","protected":false},"excerpt":{"rendered":"<p>O excesso no consumo de bebida alco\u00f3lica naa Cavalgada de Abertura da\u00a0 Expojipa, Expodi\u00e7~so Agropecu\u00e1ria de Ji-Paran\u00e1, deu trabalho para as equipes de plant\u00e3o do Hospital Municipal (HM) e do Pronto Atendimento (PA) L1-Maring\u00e1 este ano. Centenas de atendimentos e duas mortes foram registradas no s\u00e1bado durante a cavalgada. Foram refor\u00e7ados os plant\u00f5es dos dois [&hellip;]<\/p>\n","protected":false},"author":2,"featured_media":0,"comment_status":"open","ping_status":"open","sticky":false,"template":"","format":"standard","meta":{"tdm_status":"","tdm_grid_status":"","footnotes":""},"categories":[22],"tags":[],"class_list":{"0":"post-4814","1":"post","2":"type-post","3":"status-publish","4":"format-standard","6":"category-brasil"},"_links":{"self":[{"href":"https:\/\/migracao.redenoticia.com.br\/noticia\/wp-json\/wp\/v2\/posts\/4814","targetHints":{"allow":["GET"]}}],"collection":[{"href":"https:\/\/migracao.redenoticia.com.br\/noticia\/wp-json\/wp\/v2\/posts"}],"about":[{"href":"https:\/\/migracao.redenoticia.com.br\/noticia\/wp-json\/wp\/v2\/types\/post"}],"author":[{"embeddable":true,"href":"https:\/\/migracao.redenoticia.com.br\/noticia\/wp-json\/wp\/v2\/users\/2"}],"replies":[{"embeddable":true,"href":"https:\/\/migracao.redenoticia.com.br\/noticia\/wp-json\/wp\/v2\/comments?post=4814"}],"version-history":[{"count":0,"href":"https:\/\/migracao.redenoticia.com.br\/noticia\/wp-json\/wp\/v2\/posts\/4814\/revisions"}],"wp:attachment":[{"href":"https:\/\/migracao.redenoticia.com.br\/noticia\/wp-json\/wp\/v2\/media?parent=4814"}],"wp:term":[{"taxonomy":"category","embeddable":true,"href":"https:\/\/migracao.redenoticia.com.br\/noticia\/wp-json\/wp\/v2\/categories?post=4814"},{"taxonomy":"post_tag","embeddable":true,"href":"https:\/\/migracao.redenoticia.com.br\/noticia\/wp-json\/wp\/v2\/tags?post=4814"}],"curies":[{"name":"wp","href":"https:\/\/api.w.org\/{rel}","templated":true}]}}