{"id":4817,"date":"2009-07-07T12:00:08","date_gmt":"2009-07-07T16:00:08","guid":{"rendered":"http:\/\/www.redenoticia.com.br\/noticia\/?p=4817"},"modified":"2009-07-07T18:55:55","modified_gmt":"2009-07-07T22:55:55","slug":"joaninha-da-um-show-na-noite-solidaria-da-30%c2%ba-expojipa","status":"publish","type":"post","link":"https:\/\/migracao.redenoticia.com.br\/noticia\/2009\/joaninha-da-um-show-na-noite-solidaria-da-30%c2%ba-expojipa\/4817","title":{"rendered":"Joaninha da um show na noite solid\u00e1ria da 30\u00ba EXPOJIPA"},"content":{"rendered":"<figure id=\"attachment_4818\" aria-describedby=\"caption-attachment-4818\" style=\"width: 250px\" class=\"wp-caption alignleft\"><a href=\"https:\/\/migracao.redenoticia.com.br\/noticia\/imagens\/\/Joaninha.jpg\"><img loading=\"lazy\" decoding=\"async\" class=\"size-medium wp-image-4818\" title=\"Joaninha\" src=\"https:\/\/migracao.redenoticia.com.br\/noticia\/imagens\/\/Joaninha-250x167.jpg\" alt=\"Joaninha se apresenta na 30\u00ba EXPOJIPA\" width=\"250\" height=\"167\" \/><\/a><figcaption id=\"caption-attachment-4818\" class=\"wp-caption-text\">Joaninha se apresenta na 30\u00ba EXPOJIPA<\/figcaption><\/figure>\n<p>Uma multid\u00e3o formada por mais de 35 mil pessoas lotou o Parque de Exposi\u00e7\u00f5es Herm\u00ednio Victorelli, nesta segunda-feira (6) em Ji-Paran\u00e1. A noite solid\u00e1ria foi em prol ao Grupo de Apoio aos Portadores de C\u00e2ncer de Ji-Paran\u00e1, (GAPC). \u201c O evento superou as nossas expectativas e n\u00f3s estamos extremamente felizes. Queremos agradecer imensamente a todos que foram solid\u00e1rios ao GAPC\u201d, disse emocionada a presidente Silvia Cristina.<\/p>\n<p>Como atra\u00e7\u00e3o principal o GAPC contratou o piloto tri-campe\u00e3o brasileiro de Free Style Motocross, Joaninha. Para ter acesso ao Parque de Exposi\u00e7\u00f5es e assistir ao show, os participantes pagaram apenas dois reais pelo ingresso.<\/p>\n<p>O GAPC foi formado em novembro de 2007, e j\u00e1 assistiu mais de 170 pessoas portadoras de c\u00e2ncer em Ji-Paran\u00e1 e regi\u00e3o. Entre as prioridades do grupo est\u00e1 o trabalho preventivo. Al\u00e9m de realizar palestras informativas sobre a doen\u00e7a o GAPC j\u00e1 trouxe por duas vezes (2008 e 2009) a Carreta Oncol\u00f3gica do Hospital\u00a0 de C\u00e2ncer de Barretos em Ji-Paran\u00e1, que realizou mais de 250 atendimentos gratuitos\u00a0 em pessoas com suspeitas de c\u00e2ncer de pr\u00f3stata, colo de \u00fatero e pele.<\/p>\n<p>A presta\u00e7\u00e3o de contas ser\u00e1\u00a0 realizada\u00a0 nesta quinta-feira ( 9 ),\u00e0s 16 horas, em frente a sede da Associa\u00e7\u00e3o Rural de Rond\u00f4nia.<\/p>\n","protected":false},"excerpt":{"rendered":"<p>Uma multid\u00e3o formada por mais de 35 mil pessoas lotou o Parque de Exposi\u00e7\u00f5es Herm\u00ednio Victorelli, nesta segunda-feira (6) em Ji-Paran\u00e1. A noite solid\u00e1ria foi em prol ao Grupo de Apoio aos Portadores de C\u00e2ncer de Ji-Paran\u00e1, (GAPC). \u201c O evento superou as nossas expectativas e n\u00f3s estamos extremamente felizes. Queremos agradecer imensamente a todos [&hellip;]<\/p>\n","protected":false},"author":2,"featured_media":0,"comment_status":"open","ping_status":"open","sticky":false,"template":"","format":"standard","meta":{"tdm_status":"","tdm_grid_status":"","footnotes":""},"categories":[22],"tags":[],"class_list":{"0":"post-4817","1":"post","2":"type-post","3":"status-publish","4":"format-standard","6":"category-brasil"},"_links":{"self":[{"href":"https:\/\/migracao.redenoticia.com.br\/noticia\/wp-json\/wp\/v2\/posts\/4817","targetHints":{"allow":["GET"]}}],"collection":[{"href":"https:\/\/migracao.redenoticia.com.br\/noticia\/wp-json\/wp\/v2\/posts"}],"about":[{"href":"https:\/\/migracao.redenoticia.com.br\/noticia\/wp-json\/wp\/v2\/types\/post"}],"author":[{"embeddable":true,"href":"https:\/\/migracao.redenoticia.com.br\/noticia\/wp-json\/wp\/v2\/users\/2"}],"replies":[{"embeddable":true,"href":"https:\/\/migracao.redenoticia.com.br\/noticia\/wp-json\/wp\/v2\/comments?post=4817"}],"version-history":[{"count":0,"href":"https:\/\/migracao.redenoticia.com.br\/noticia\/wp-json\/wp\/v2\/posts\/4817\/revisions"}],"wp:attachment":[{"href":"https:\/\/migracao.redenoticia.com.br\/noticia\/wp-json\/wp\/v2\/media?parent=4817"}],"wp:term":[{"taxonomy":"category","embeddable":true,"href":"https:\/\/migracao.redenoticia.com.br\/noticia\/wp-json\/wp\/v2\/categories?post=4817"},{"taxonomy":"post_tag","embeddable":true,"href":"https:\/\/migracao.redenoticia.com.br\/noticia\/wp-json\/wp\/v2\/tags?post=4817"}],"curies":[{"name":"wp","href":"https:\/\/api.w.org\/{rel}","templated":true}]}}