{"id":4819,"date":"2009-07-07T12:00:26","date_gmt":"2009-07-07T16:00:26","guid":{"rendered":"http:\/\/www.redenoticia.com.br\/noticia\/?p=4819"},"modified":"2009-08-05T00:35:16","modified_gmt":"2009-08-05T04:35:16","slug":"sbt-divulgou-dados-do-contrato-que-gugu-deve-cumprir-ate-ir-para-a-record","status":"publish","type":"post","link":"https:\/\/migracao.redenoticia.com.br\/noticia\/2009\/sbt-divulgou-dados-do-contrato-que-gugu-deve-cumprir-ate-ir-para-a-record\/4819","title":{"rendered":"SBT divulgou dados do contrato que Gugu deve cumprir at\u00e9 ir para a Record"},"content":{"rendered":"<p>Em comunicado o SBT divulgou que o contrato entre Gugu e a emissora possibilita que o programa \u201cDomingo Legal\u201d seja exibido em qualquer hor\u00e1rio entre \u00e0s 12h e a 0h. Por isso desmentiu que haja desentendimentos internos e desde o dia 28 de junho o programa do Gugu passou a ir ao ar \u00e0s 12h.<\/p>\n<p>A emissora de Silvio Santos confirmou que a antecipa\u00e7\u00e3o do hor\u00e1rio do &#8220;Domingo Legal&#8221; obedeceu a &#8220;crit\u00e9rios de planejamento e estrat\u00e9gia de programa\u00e7\u00e3o&#8221;. O SBT informou ainda que Homero Salles, o ex-diretor do &#8220;Domingo Legal&#8221;, foi impedido de entrar na emissora porque &#8220;agia em preju\u00edzo \u00e0 empresa, ao aliciar profissionais para concorrentes&#8221;.<\/p>\n<p>O SBT negou qualquer retalia\u00e7\u00e3o ao apresentador Gugu Libertato, que assinou contrato de oito anos com a Record, mas s\u00f3 a partir de mar\u00e7o de 2010 come\u00e7ar\u00e1 na nova emissora Record com um programa dominical e possiveimente um programa de entrevistas di\u00e1rio. O sal\u00e1rio deve ser de 3 milh\u00f5es.<\/p>\n<p>Segundo a Folha, Gugu deve ser liberado e o \u201cDomingo Legal\u201d pode n\u00e3o ir mais ao ar com o Gugu \u00e0 partir do pr\u00f3ximo domingo, ap\u00f3s o principal patrocinador, uma construtora, amea\u00e7ar romper contrato. Se for confirmado,\u00a0 Gugu pode estrear na Record j\u00e1 no dia 16 de agosto para coincidir com a final de &#8220;A Fazenda&#8221;.<\/p>\n","protected":false},"excerpt":{"rendered":"<p>Em comunicado o SBT divulgou que o contrato entre Gugu e a emissora possibilita que o programa \u201cDomingo Legal\u201d seja exibido em qualquer hor\u00e1rio entre \u00e0s 12h e a 0h. Por isso desmentiu que haja desentendimentos internos e desde o dia 28 de junho o programa do Gugu passou a ir ao ar \u00e0s 12h. [&hellip;]<\/p>\n","protected":false},"author":3,"featured_media":0,"comment_status":"open","ping_status":"open","sticky":false,"template":"","format":"standard","meta":{"tdm_status":"","tdm_grid_status":"","footnotes":""},"categories":[22,343],"tags":[],"class_list":{"0":"post-4819","1":"post","2":"type-post","3":"status-publish","4":"format-standard","6":"category-brasil","7":"category-televisao"},"_links":{"self":[{"href":"https:\/\/migracao.redenoticia.com.br\/noticia\/wp-json\/wp\/v2\/posts\/4819","targetHints":{"allow":["GET"]}}],"collection":[{"href":"https:\/\/migracao.redenoticia.com.br\/noticia\/wp-json\/wp\/v2\/posts"}],"about":[{"href":"https:\/\/migracao.redenoticia.com.br\/noticia\/wp-json\/wp\/v2\/types\/post"}],"author":[{"embeddable":true,"href":"https:\/\/migracao.redenoticia.com.br\/noticia\/wp-json\/wp\/v2\/users\/3"}],"replies":[{"embeddable":true,"href":"https:\/\/migracao.redenoticia.com.br\/noticia\/wp-json\/wp\/v2\/comments?post=4819"}],"version-history":[{"count":0,"href":"https:\/\/migracao.redenoticia.com.br\/noticia\/wp-json\/wp\/v2\/posts\/4819\/revisions"}],"wp:attachment":[{"href":"https:\/\/migracao.redenoticia.com.br\/noticia\/wp-json\/wp\/v2\/media?parent=4819"}],"wp:term":[{"taxonomy":"category","embeddable":true,"href":"https:\/\/migracao.redenoticia.com.br\/noticia\/wp-json\/wp\/v2\/categories?post=4819"},{"taxonomy":"post_tag","embeddable":true,"href":"https:\/\/migracao.redenoticia.com.br\/noticia\/wp-json\/wp\/v2\/tags?post=4819"}],"curies":[{"name":"wp","href":"https:\/\/api.w.org\/{rel}","templated":true}]}}