{"id":48347,"date":"2013-10-08T14:20:44","date_gmt":"2013-10-08T17:20:44","guid":{"rendered":"http:\/\/www.redenoticia.com.br\/noticia\/?p=48347"},"modified":"2013-10-08T14:20:44","modified_gmt":"2013-10-08T17:20:44","slug":"inscricoes-abertas-para-concurso-publico-da-prefeitura-de-ji-parana","status":"publish","type":"post","link":"https:\/\/migracao.redenoticia.com.br\/noticia\/2013\/inscricoes-abertas-para-concurso-publico-da-prefeitura-de-ji-parana\/48347","title":{"rendered":"Inscri\u00e7\u00f5es abertas para Concurso P\u00fablico da Prefeitura de Ji-Paran\u00e1"},"content":{"rendered":"<p><span style=\"font-size: 13px; line-height: 19px;\">J\u00e1\u00a0est\u00e3o abertas e seguem at\u00e9\u00a0o pr\u00f3ximo dia 7 de novembro de 2013 as inscri\u00e7\u00f5es para o <em><strong>Concurso<\/strong><\/em> P\u00fablico da Prefeitura Municipal de <em><strong>Ji-Paran\u00e1<\/strong><\/em>. As inscri\u00e7\u00f5es podem ser realizadas pelos sites da Funcab e da prefeitura municipal:\u00a0<\/span><a style=\"font-size: 13px; line-height: 19px;\" href=\"http:\/\/www.funcab.org\/\" target=\"_blank\">www.funcab.org<\/a><span style=\"font-size: 13px; line-height: 19px;\">\u00a0e\u00a0<\/span><a style=\"font-size: 13px; line-height: 19px;\" href=\"http:\/\/www.ji-parana.ro.gov.br\/\" target=\"_blank\">www.ji-parana.ro.gov.br<\/a><span style=\"font-size: 13px; line-height: 19px;\">. O edital completo tamb\u00e9m est\u00e1 dispon\u00edvel nos mesmos endere\u00e7os.<\/span><\/p>\n<p>O valor da inscri\u00e7\u00e3o \u00e9\u00a0de R$ 48,00 (quarenta e oito reais) para os cargos de Ensino fundamental completo e incompleto; R$ 59,00 (cinquenta e nove reais) para os cargos de Ensino M\u00e9dio\/T\u00e9cnico e R$ 78, 00 (setenta e oito reais) para os cargos de Ensino Superior.<\/p>\n<p>No total s\u00e3o 543 vagas, sendo 290 vagas para contrata\u00e7\u00e3o imediata e 253 para cadastro de reserva. O concurso visa preencher cargos nas Secretarias de Sa\u00fade, Educa\u00e7\u00e3o, Regulariza\u00e7\u00e3o Fundi\u00e1ria e Assist\u00eancia Social do Munic\u00edpio.\u00a0 Os sal\u00e1rios oferecidos v\u00e3o de R$ 709,40 a R$ 7.688,00.<\/p>\n<p>As vagas dispon\u00edveis para \u00e1rea de sa\u00fade s\u00e3o m\u00e9dicos, odontologos, enfermeiros, t\u00e9cnicos de enfermagem, fisioterapeutas, psic\u00f3logos, farmac\u00eauticos, agentes comunit\u00e1rios de sa\u00fade. Para a Secretaria de Regulariza\u00e7\u00e3o ser\u00e3o selecionados servidores para os cargos de auxiliar de topografia, agente administrativo, desenhista cadista, fiscal fundi\u00e1rio, t\u00e9cnico em agrimensura, engenheiro agrimensor, arquiteto urbanista. Para a Secretaria de Educa\u00e7\u00e3o ser\u00e3o contratados pedagogos, professores de geografia, instrutor de libras, professor int\u00e9rprete de libras. J\u00e1\u00a0para\u00a0 Secretaria de Assist\u00eancia Social ser\u00e3o contratados pedagogos, psic\u00f3logos e Assistentes sociais.<\/p>\n","protected":false},"excerpt":{"rendered":"<p>J\u00e1\u00a0est\u00e3o abertas e seguem at\u00e9\u00a0o pr\u00f3ximo dia 7 de novembro de 2013 as inscri\u00e7\u00f5es para o Concurso P\u00fablico da Prefeitura Municipal de Ji-Paran\u00e1. As inscri\u00e7\u00f5es podem ser realizadas pelos sites da Funcab e da prefeitura municipal:\u00a0www.funcab.org\u00a0e\u00a0www.ji-parana.ro.gov.br. O edital completo tamb\u00e9m est\u00e1 dispon\u00edvel nos mesmos endere\u00e7os. O valor da inscri\u00e7\u00e3o \u00e9\u00a0de R$ 48,00 (quarenta e oito [&hellip;]<\/p>\n","protected":false},"author":2,"featured_media":28974,"comment_status":"open","ping_status":"closed","sticky":false,"template":"","format":"standard","meta":{"tdm_status":"","tdm_grid_status":"","footnotes":""},"categories":[22,352,370],"tags":[],"class_list":{"0":"post-48347","1":"post","2":"type-post","3":"status-publish","4":"format-standard","5":"has-post-thumbnail","7":"category-brasil","8":"category-concursos","9":"category-inscricao"},"_links":{"self":[{"href":"https:\/\/migracao.redenoticia.com.br\/noticia\/wp-json\/wp\/v2\/posts\/48347","targetHints":{"allow":["GET"]}}],"collection":[{"href":"https:\/\/migracao.redenoticia.com.br\/noticia\/wp-json\/wp\/v2\/posts"}],"about":[{"href":"https:\/\/migracao.redenoticia.com.br\/noticia\/wp-json\/wp\/v2\/types\/post"}],"author":[{"embeddable":true,"href":"https:\/\/migracao.redenoticia.com.br\/noticia\/wp-json\/wp\/v2\/users\/2"}],"replies":[{"embeddable":true,"href":"https:\/\/migracao.redenoticia.com.br\/noticia\/wp-json\/wp\/v2\/comments?post=48347"}],"version-history":[{"count":0,"href":"https:\/\/migracao.redenoticia.com.br\/noticia\/wp-json\/wp\/v2\/posts\/48347\/revisions"}],"wp:featuredmedia":[{"embeddable":true,"href":"https:\/\/migracao.redenoticia.com.br\/noticia\/wp-json\/wp\/v2\/media\/28974"}],"wp:attachment":[{"href":"https:\/\/migracao.redenoticia.com.br\/noticia\/wp-json\/wp\/v2\/media?parent=48347"}],"wp:term":[{"taxonomy":"category","embeddable":true,"href":"https:\/\/migracao.redenoticia.com.br\/noticia\/wp-json\/wp\/v2\/categories?post=48347"},{"taxonomy":"post_tag","embeddable":true,"href":"https:\/\/migracao.redenoticia.com.br\/noticia\/wp-json\/wp\/v2\/tags?post=48347"}],"curies":[{"name":"wp","href":"https:\/\/api.w.org\/{rel}","templated":true}]}}