{"id":48349,"date":"2013-10-08T14:28:07","date_gmt":"2013-10-08T17:28:07","guid":{"rendered":"http:\/\/www.redenoticia.com.br\/noticia\/?p=48349"},"modified":"2013-10-08T14:28:07","modified_gmt":"2013-10-08T17:28:07","slug":"venda-de-motocicletas-no-varejo-cai-88","status":"publish","type":"post","link":"https:\/\/migracao.redenoticia.com.br\/noticia\/2013\/venda-de-motocicletas-no-varejo-cai-88\/48349","title":{"rendered":"Venda de motocicletas no varejo cai 8,8%"},"content":{"rendered":"<p>S\u00e3o Paulo &#8211; O n\u00famero de <em><strong>motocicletas<\/strong><\/em> emplacadas em setembro somou 117.754 unidades, resultado 8,8% inferior ao registrado no \u00faltimo m\u00eas de agosto e 2,2% maior que os licenciamentos feitos no mesmo m\u00eas do ano passado. No acumulado de janeiro a setembro houve queda de 9,1%, com 1.129.282 motocicletas emplacadas.<\/p>\n<p>Os dados s\u00e3o da Associa\u00e7\u00e3o Brasileira dos Fabricantes de Motocicletas, Ciclomotores, Motonetas, Bicicletas e Similares (Abraciclo). O levantamento mostra que a produ\u00e7\u00e3o sobre o m\u00eas de agosto caiu 4,7%. No entanto, em compara\u00e7\u00e3o ao mesmo m\u00eas do ano passado, a fabrica\u00e7\u00e3o aumentou 14,6%.<\/p>\n<p>Em nota, o presidente da entidade, Marcos Femanian, disse que o volume maior produzido sobre setembro de 2012 pode ser atribu\u00eddo aos novos modelos. \u201cAs montadoras investem na inova\u00e7\u00e3o da ind\u00fastria de motocicletas, acompanhando as tend\u00eancias mundiais no que se refere a design, performance e seguran\u00e7a\u201d.<\/p>\n<p>Para o executivo, tanto as vendas quanto a produ\u00e7\u00e3o dever\u00e3o fechar o ano em queda. As vendas ao exterior nos nove primeiros meses do ano chegaram a 76.622 unidades, ligeiramente abaixo do total exportado no mesmo per\u00edodo de 2012, quando alcan\u00e7aram 76.961.<\/p>\n<p>Marli Moreira<br \/>\nRep\u00f3rter da Ag\u00eancia Brasil<br \/>\nEdi\u00e7\u00e3o: Gra\u00e7a Adjuto<\/p>\n","protected":false},"excerpt":{"rendered":"<p>S\u00e3o Paulo &#8211; O n\u00famero de motocicletas emplacadas em setembro somou 117.754 unidades, resultado 8,8% inferior ao registrado no \u00faltimo m\u00eas de agosto e 2,2% maior que os licenciamentos feitos no mesmo m\u00eas do ano passado. No acumulado de janeiro a setembro houve queda de 9,1%, com 1.129.282 motocicletas emplacadas. Os dados s\u00e3o da Associa\u00e7\u00e3o [&hellip;]<\/p>\n","protected":false},"author":2,"featured_media":40517,"comment_status":"open","ping_status":"closed","sticky":false,"template":"","format":"standard","meta":{"tdm_status":"","tdm_grid_status":"","footnotes":""},"categories":[22,7],"tags":[],"class_list":{"0":"post-48349","1":"post","2":"type-post","3":"status-publish","4":"format-standard","5":"has-post-thumbnail","7":"category-brasil","8":"category-economia"},"_links":{"self":[{"href":"https:\/\/migracao.redenoticia.com.br\/noticia\/wp-json\/wp\/v2\/posts\/48349","targetHints":{"allow":["GET"]}}],"collection":[{"href":"https:\/\/migracao.redenoticia.com.br\/noticia\/wp-json\/wp\/v2\/posts"}],"about":[{"href":"https:\/\/migracao.redenoticia.com.br\/noticia\/wp-json\/wp\/v2\/types\/post"}],"author":[{"embeddable":true,"href":"https:\/\/migracao.redenoticia.com.br\/noticia\/wp-json\/wp\/v2\/users\/2"}],"replies":[{"embeddable":true,"href":"https:\/\/migracao.redenoticia.com.br\/noticia\/wp-json\/wp\/v2\/comments?post=48349"}],"version-history":[{"count":0,"href":"https:\/\/migracao.redenoticia.com.br\/noticia\/wp-json\/wp\/v2\/posts\/48349\/revisions"}],"wp:featuredmedia":[{"embeddable":true,"href":"https:\/\/migracao.redenoticia.com.br\/noticia\/wp-json\/wp\/v2\/media\/40517"}],"wp:attachment":[{"href":"https:\/\/migracao.redenoticia.com.br\/noticia\/wp-json\/wp\/v2\/media?parent=48349"}],"wp:term":[{"taxonomy":"category","embeddable":true,"href":"https:\/\/migracao.redenoticia.com.br\/noticia\/wp-json\/wp\/v2\/categories?post=48349"},{"taxonomy":"post_tag","embeddable":true,"href":"https:\/\/migracao.redenoticia.com.br\/noticia\/wp-json\/wp\/v2\/tags?post=48349"}],"curies":[{"name":"wp","href":"https:\/\/api.w.org\/{rel}","templated":true}]}}