{"id":48351,"date":"2013-10-08T14:36:10","date_gmt":"2013-10-08T17:36:10","guid":{"rendered":"http:\/\/www.redenoticia.com.br\/noticia\/?p=48351"},"modified":"2013-10-08T14:36:10","modified_gmt":"2013-10-08T17:36:10","slug":"inscricao-para-o-vestibular-das-fatecs-2","status":"publish","type":"post","link":"https:\/\/migracao.redenoticia.com.br\/noticia\/2013\/inscricao-para-o-vestibular-das-fatecs-2\/48351","title":{"rendered":"Inscri\u00e7\u00e3o para o Vestibular das Fatecs"},"content":{"rendered":"<p>Nesta ter\u00e7a-feira, 8, o governador Geraldo Alckmin esteve na Faculdade de Tecnologia (<em><strong>Fatec<\/strong><\/em>) Victor Civita para o an\u00fancio de in\u00edcio das inscri\u00e7\u00f5es para o <em><strong>vestibular<\/strong><\/em> do primeiro semestre de 2014. &#8220;S\u00e3o 59 Faculdades de Tecnologia oferecendo 13.105 vagas em 67 cursos diferentes gratuitos. Agroneg\u00f3cio, ind\u00fastria e servi\u00e7os. Tudo de gra\u00e7a&#8221;, disse Alckmin.<\/p>\n<p>Dentre as novidades para o pr\u00f3ximo ano, tem as novas unidades da Fatec, Cotia, S\u00e3o Carlos e Sebrae, na Capital, que v\u00e3o oferecer 160, 40 e 70 vagas, respectivamente. &#8220;S\u00e3o tr\u00eas anos de faculdade e 92% de empregabilidade no primeiro ano depois de formado&#8221;, disse o governador.<\/p>\n<p>Tamb\u00e9m foram inclu\u00eddos dois novos cursos: Gest\u00e3o de Neg\u00f3cios e Inova\u00e7\u00e3o, na Fatec Sebrae, com 70 vagas, divididas entre os per\u00edodos da manh\u00e3 e da noite; Refrigera\u00e7\u00e3o, Ventila\u00e7\u00e3o e Ar Condicionado, na Fatec Itaquera, com 80 vagas, divididas entre os per\u00edodos da manh\u00e3 e da noite.<\/p>\n<p>As 13.105 vagas representam um crescimento de 790 vagas em rela\u00e7\u00e3o ao mesmo per\u00edodo do ano passado, que eram 12.315. &#8220;Ampliamos bastante o n\u00famero de cursos e vagas e estamos com tr\u00eas Fatecs a mais. Sendo in\u00e9dito, aqui na capital, esta parceria do Centro Paula Souza com o Sebrae&#8221;, afirmou Alckmin.<\/p>\n<p>Inscri\u00e7\u00f5es<\/p>\n<p>A prova acontece no dia 8 de dezembro e as inscri\u00e7\u00f5es podem ser feitas at\u00e9 \u00e0s 15h do dia 7 de novembro exclusivamente pelo site\u00a0<a href=\"http:\/\/www.vestibularfatec.com.br\/\" target=\"_blank\">www.vestibularfatec.com.br<\/a>. Os candidatos que pediram isen\u00e7\u00e3o e redu\u00e7\u00e3o de taxa de inscri\u00e7\u00e3o poder\u00e3o consultar o resultado no dia 30 de outubro.<\/p>\n<p>Para se inscrever, o vestibulando deve preencher a ficha de inscri\u00e7\u00e3o e o question\u00e1rio socioecon\u00f4mico, depois imprimir o boleto e pagar a taxa no valor de R$ 70 em qualquer ag\u00eancia banc\u00e1ria. Os interessados com defici\u00eancias, que precisem de condi\u00e7\u00f5es especiais para fazer a prova, devem mencionar sua necessidade na ficha de inscri\u00e7\u00e3o eletr\u00f4nica. Ser\u00e1 necess\u00e1ria a apresenta\u00e7\u00e3o de laudo m\u00e9dico.<\/p>\n<p>Quando se inscrever, o aluno poder\u00e1 escolher um curso em 1\u00aa op\u00e7\u00e3o e colocar como 2\u00aa op\u00e7\u00e3o o mesmo curso de 1\u00aa op\u00e7\u00e3o em outro per\u00edodo na mesma Fatec; ou o mesmo curso de 1\u00aa op\u00e7\u00e3o em qualquer per\u00edodo de outra Fatec; ou ainda qualquer curso com o mesmo conjunto de disciplinas priorit\u00e1rias, em qualquer Fatec e per\u00edodo.<\/p>\n<p>O Manual do Candidato est\u00e1 dispon\u00edvel no\u00a0<a href=\"http:\/\/www.vestibularfatec.com.br\/\">site<\/a>\u00a0e traz todas as datas, normas e orienta\u00e7\u00f5es para o processo seletivo e rela\u00e7\u00e3o dos cursos.<\/p>\n<p>Do Portal do Governo do Estado<\/p>\n","protected":false},"excerpt":{"rendered":"<p>Nesta ter\u00e7a-feira, 8, o governador Geraldo Alckmin esteve na Faculdade de Tecnologia (Fatec) Victor Civita para o an\u00fancio de in\u00edcio das inscri\u00e7\u00f5es para o vestibular do primeiro semestre de 2014. &#8220;S\u00e3o 59 Faculdades de Tecnologia oferecendo 13.105 vagas em 67 cursos diferentes gratuitos. Agroneg\u00f3cio, ind\u00fastria e servi\u00e7os. Tudo de gra\u00e7a&#8221;, disse Alckmin. Dentre as novidades [&hellip;]<\/p>\n","protected":false},"author":2,"featured_media":36244,"comment_status":"open","ping_status":"closed","sticky":false,"template":"","format":"standard","meta":{"tdm_status":"","tdm_grid_status":"","footnotes":""},"categories":[22,370,295],"tags":[],"class_list":{"0":"post-48351","1":"post","2":"type-post","3":"status-publish","4":"format-standard","5":"has-post-thumbnail","7":"category-brasil","8":"category-inscricao","9":"category-vestibular"},"_links":{"self":[{"href":"https:\/\/migracao.redenoticia.com.br\/noticia\/wp-json\/wp\/v2\/posts\/48351","targetHints":{"allow":["GET"]}}],"collection":[{"href":"https:\/\/migracao.redenoticia.com.br\/noticia\/wp-json\/wp\/v2\/posts"}],"about":[{"href":"https:\/\/migracao.redenoticia.com.br\/noticia\/wp-json\/wp\/v2\/types\/post"}],"author":[{"embeddable":true,"href":"https:\/\/migracao.redenoticia.com.br\/noticia\/wp-json\/wp\/v2\/users\/2"}],"replies":[{"embeddable":true,"href":"https:\/\/migracao.redenoticia.com.br\/noticia\/wp-json\/wp\/v2\/comments?post=48351"}],"version-history":[{"count":0,"href":"https:\/\/migracao.redenoticia.com.br\/noticia\/wp-json\/wp\/v2\/posts\/48351\/revisions"}],"wp:featuredmedia":[{"embeddable":true,"href":"https:\/\/migracao.redenoticia.com.br\/noticia\/wp-json\/wp\/v2\/media\/36244"}],"wp:attachment":[{"href":"https:\/\/migracao.redenoticia.com.br\/noticia\/wp-json\/wp\/v2\/media?parent=48351"}],"wp:term":[{"taxonomy":"category","embeddable":true,"href":"https:\/\/migracao.redenoticia.com.br\/noticia\/wp-json\/wp\/v2\/categories?post=48351"},{"taxonomy":"post_tag","embeddable":true,"href":"https:\/\/migracao.redenoticia.com.br\/noticia\/wp-json\/wp\/v2\/tags?post=48351"}],"curies":[{"name":"wp","href":"https:\/\/api.w.org\/{rel}","templated":true}]}}