{"id":48353,"date":"2013-10-08T14:46:27","date_gmt":"2013-10-08T17:46:27","guid":{"rendered":"http:\/\/www.redenoticia.com.br\/noticia\/?p=48353"},"modified":"2013-10-08T14:46:27","modified_gmt":"2013-10-08T17:46:27","slug":"casos-de-catapora-em-criancas-aumentam-durante-a-primavera","status":"publish","type":"post","link":"https:\/\/migracao.redenoticia.com.br\/noticia\/2013\/casos-de-catapora-em-criancas-aumentam-durante-a-primavera\/48353","title":{"rendered":"Casos de catapora em crian\u00e7as aumentam durante a primavera"},"content":{"rendered":"<p>A Secretaria da Sa\u00fade faz um alerta sobre o aumento de casos de <em><strong>catapora<\/strong><\/em> durante a primavera. N\u00fameros do Centro de Vigil\u00e2ncia Epidemiol\u00f3gica do Estado revelam que at\u00e9 julho deste ano 2.168 casos da doen\u00e7a foram confirmados em crian\u00e7as com idade entre 0 e 9 anos.<\/p>\n<p>Apesar de muito comum em crian\u00e7as, a patologia tamb\u00e9m atinge adultos, que requerem cuidados especiais, principalmente se tiverem outras doen\u00e7as associadas, o que eleva o risco de contamina\u00e7\u00e3o.<\/p>\n<p>A doen\u00e7a caracteriza-se pela presen\u00e7a de febre e de pintas vermelhas espalhadas em todo o corpo, que evoluem para crostas, at\u00e9 a cicatriza\u00e7\u00e3o. Durante esse per\u00edodo, os sintomas s\u00e3o parecidos com os de um resfriado: febre e mal estar.<\/p>\n<p>Ap\u00f3s a contamina\u00e7\u00e3o, deve-se manter o resguardo em casa, com descanso e higiene adequada. De acordo com a infectologista do Em\u00edlio Ribas, Yu Ching Lian, &#8220;crian\u00e7as sem disfun\u00e7\u00e3o imunol\u00f3gica n\u00e3o precisam tomar nenhuma medica\u00e7\u00e3o especial. O ideal \u00e9 lavar as les\u00f5es com sab\u00e3o normal durante o banho, secar, n\u00e3o fazer uso de nenhum tipo de pomada e n\u00e3o fazer curativo&#8221;, diz. Para quem tem doen\u00e7as como c\u00e2ncer e HIV, o recomendado \u00e9 a interna\u00e7\u00e3o para tratamento adequado, evitando complica\u00e7\u00f5es maiores.<\/p>\n<p>A vacina contra a catapora \u00e9 a forma mais segura de prevenir a doen\u00e7a. A tetra viral &#8211; que tamb\u00e9m protege contra caxumba, rub\u00e9ola e sarampo &#8211; \u00e9 aplicada em crian\u00e7as com 15 meses, ap\u00f3s ter recebido a tr\u00edplice aos 12 meses. Caso a tr\u00edplice n\u00e3o tenha sido ministrada, basta procurar o posto de sa\u00fade mais pr\u00f3ximo. Neste caso, a tetra viral \u00e9 aplicada ap\u00f3s 30 dias.<\/p>\n<p>Do Portal do Governo do Estado<\/p>\n","protected":false},"excerpt":{"rendered":"<p>A Secretaria da Sa\u00fade faz um alerta sobre o aumento de casos de catapora durante a primavera. N\u00fameros do Centro de Vigil\u00e2ncia Epidemiol\u00f3gica do Estado revelam que at\u00e9 julho deste ano 2.168 casos da doen\u00e7a foram confirmados em crian\u00e7as com idade entre 0 e 9 anos. Apesar de muito comum em crian\u00e7as, a patologia tamb\u00e9m [&hellip;]<\/p>\n","protected":false},"author":2,"featured_media":21818,"comment_status":"open","ping_status":"closed","sticky":false,"template":"","format":"standard","meta":{"tdm_status":"","tdm_grid_status":"","footnotes":""},"categories":[22,5],"tags":[],"class_list":{"0":"post-48353","1":"post","2":"type-post","3":"status-publish","4":"format-standard","5":"has-post-thumbnail","7":"category-brasil","8":"category-saude-e-vida"},"_links":{"self":[{"href":"https:\/\/migracao.redenoticia.com.br\/noticia\/wp-json\/wp\/v2\/posts\/48353","targetHints":{"allow":["GET"]}}],"collection":[{"href":"https:\/\/migracao.redenoticia.com.br\/noticia\/wp-json\/wp\/v2\/posts"}],"about":[{"href":"https:\/\/migracao.redenoticia.com.br\/noticia\/wp-json\/wp\/v2\/types\/post"}],"author":[{"embeddable":true,"href":"https:\/\/migracao.redenoticia.com.br\/noticia\/wp-json\/wp\/v2\/users\/2"}],"replies":[{"embeddable":true,"href":"https:\/\/migracao.redenoticia.com.br\/noticia\/wp-json\/wp\/v2\/comments?post=48353"}],"version-history":[{"count":0,"href":"https:\/\/migracao.redenoticia.com.br\/noticia\/wp-json\/wp\/v2\/posts\/48353\/revisions"}],"wp:featuredmedia":[{"embeddable":true,"href":"https:\/\/migracao.redenoticia.com.br\/noticia\/wp-json\/wp\/v2\/media\/21818"}],"wp:attachment":[{"href":"https:\/\/migracao.redenoticia.com.br\/noticia\/wp-json\/wp\/v2\/media?parent=48353"}],"wp:term":[{"taxonomy":"category","embeddable":true,"href":"https:\/\/migracao.redenoticia.com.br\/noticia\/wp-json\/wp\/v2\/categories?post=48353"},{"taxonomy":"post_tag","embeddable":true,"href":"https:\/\/migracao.redenoticia.com.br\/noticia\/wp-json\/wp\/v2\/tags?post=48353"}],"curies":[{"name":"wp","href":"https:\/\/api.w.org\/{rel}","templated":true}]}}