{"id":48357,"date":"2013-10-08T14:51:59","date_gmt":"2013-10-08T17:51:59","guid":{"rendered":"http:\/\/www.redenoticia.com.br\/noticia\/?p=48357"},"modified":"2013-10-08T14:51:59","modified_gmt":"2013-10-08T17:51:59","slug":"alimentos-e-alugueis-mais-caros-pressionam-inflacao","status":"publish","type":"post","link":"https:\/\/migracao.redenoticia.com.br\/noticia\/2013\/alimentos-e-alugueis-mais-caros-pressionam-inflacao\/48357","title":{"rendered":"Alimentos e alugu\u00e9is mais caros pressionam infla\u00e7\u00e3o"},"content":{"rendered":"<p>S\u00e3o Paulo &#8211; O \u00cdndice de Pre\u00e7os ao Consumidor Semanal (<em><strong>IPC-S<\/strong><\/em>) teve alta de 0,38% na primeira pr\u00e9via de outubro, varia\u00e7\u00e3o que \u00e9 0,08 ponto percentual acima da registrada no fechamento de setembro (0,30%). Quatro dos oito grupos pesquisados apresentaram acr\u00e9scimos, com destaque para alimenta\u00e7\u00e3o que subiu de 0,14% para 0,41%.<\/p>\n<p>O levantamento feito pelo Instituto Brasileiro de Economia da Funda\u00e7\u00e3o Getulio Vargas mostra que entre os cinco itens de maior press\u00e3o inflacion\u00e1ria est\u00e3o o aluguel residencial, com avan\u00e7o de 0,68% ante 0,66%. Tamb\u00e9m integra a lista o item plano e seguro sa\u00fade, com estabilidade em 0,66%.<\/p>\n<p>Os demais apontados s\u00e3o: refei\u00e7\u00f5es em bares e restaurantes, que apesar de contribuir com a alta do IPC-S teve decr\u00e9scimo, passando de 0,80% para 0,66%; p\u00e3o franc\u00eas (de 2,37% para 2,10%) e servi\u00e7o de reparo em autom\u00f3vel (de 1,15% para 1,14%).<\/p>\n<p>Al\u00e9m do grupo alimenta\u00e7\u00e3o, ocorreram aumentos em ritmo maior do que na apura\u00e7\u00e3o passada nos seguintes grupos: vestu\u00e1rio (de 0,86% para 1,05%), habita\u00e7\u00e3o (de 0,51% para 0,54%) e sa\u00fade e cuidados pessoais (de 0,43% para 0,44%).<\/p>\n<p>Em despesas diversas, caiu a velocidade de alta, com o \u00edndice de 0,04% ante 0,09%. Tamb\u00e9m foi menos intenso o aumento constatado em comunica\u00e7\u00e3o (de 0,20% para 0,19%). Nos grupos restantes, a taxa ficou est\u00e1vel: educa\u00e7\u00e3o, leitura e recrea\u00e7\u00e3o, com 0,11%, e transportes, com 0,07%.<\/p>\n<p>Marli Moreira<br \/>\nRep\u00f3rter da Ag\u00eancia Brasil<br \/>\nEdi\u00e7\u00e3o: Gra\u00e7a Adjuto<\/p>\n","protected":false},"excerpt":{"rendered":"<p>S\u00e3o Paulo &#8211; O \u00cdndice de Pre\u00e7os ao Consumidor Semanal (IPC-S) teve alta de 0,38% na primeira pr\u00e9via de outubro, varia\u00e7\u00e3o que \u00e9 0,08 ponto percentual acima da registrada no fechamento de setembro (0,30%). Quatro dos oito grupos pesquisados apresentaram acr\u00e9scimos, com destaque para alimenta\u00e7\u00e3o que subiu de 0,14% para 0,41%. O levantamento feito pelo [&hellip;]<\/p>\n","protected":false},"author":2,"featured_media":34916,"comment_status":"open","ping_status":"closed","sticky":false,"template":"","format":"standard","meta":{"tdm_status":"","tdm_grid_status":"","footnotes":""},"categories":[22,7],"tags":[],"class_list":{"0":"post-48357","1":"post","2":"type-post","3":"status-publish","4":"format-standard","5":"has-post-thumbnail","7":"category-brasil","8":"category-economia"},"_links":{"self":[{"href":"https:\/\/migracao.redenoticia.com.br\/noticia\/wp-json\/wp\/v2\/posts\/48357","targetHints":{"allow":["GET"]}}],"collection":[{"href":"https:\/\/migracao.redenoticia.com.br\/noticia\/wp-json\/wp\/v2\/posts"}],"about":[{"href":"https:\/\/migracao.redenoticia.com.br\/noticia\/wp-json\/wp\/v2\/types\/post"}],"author":[{"embeddable":true,"href":"https:\/\/migracao.redenoticia.com.br\/noticia\/wp-json\/wp\/v2\/users\/2"}],"replies":[{"embeddable":true,"href":"https:\/\/migracao.redenoticia.com.br\/noticia\/wp-json\/wp\/v2\/comments?post=48357"}],"version-history":[{"count":0,"href":"https:\/\/migracao.redenoticia.com.br\/noticia\/wp-json\/wp\/v2\/posts\/48357\/revisions"}],"wp:featuredmedia":[{"embeddable":true,"href":"https:\/\/migracao.redenoticia.com.br\/noticia\/wp-json\/wp\/v2\/media\/34916"}],"wp:attachment":[{"href":"https:\/\/migracao.redenoticia.com.br\/noticia\/wp-json\/wp\/v2\/media?parent=48357"}],"wp:term":[{"taxonomy":"category","embeddable":true,"href":"https:\/\/migracao.redenoticia.com.br\/noticia\/wp-json\/wp\/v2\/categories?post=48357"},{"taxonomy":"post_tag","embeddable":true,"href":"https:\/\/migracao.redenoticia.com.br\/noticia\/wp-json\/wp\/v2\/tags?post=48357"}],"curies":[{"name":"wp","href":"https:\/\/api.w.org\/{rel}","templated":true}]}}