{"id":48359,"date":"2013-10-08T14:57:42","date_gmt":"2013-10-08T17:57:42","guid":{"rendered":"http:\/\/www.redenoticia.com.br\/noticia\/?p=48359"},"modified":"2013-10-08T14:57:42","modified_gmt":"2013-10-08T17:57:42","slug":"ufscar-tem-concursos-nas-engenharias-quimica-e-de-alimentos","status":"publish","type":"post","link":"https:\/\/migracao.redenoticia.com.br\/noticia\/2013\/ufscar-tem-concursos-nas-engenharias-quimica-e-de-alimentos\/48359","title":{"rendered":"UFSCar tem concursos nas Engenharias Qu\u00edmica e de Alimentos"},"content":{"rendered":"<p>Ag\u00eancia FAPESP\u00a0\u2013 A Universidade Federal de S\u00e3o Carlos (<em><strong>UFSCar<\/strong><\/em>), campus Lagoa do Sino, est\u00e1 com <em><strong>inscri\u00e7\u00f5es<\/strong><\/em> abertas, at\u00e9 21 de outubro, para o <em><strong>concurso<\/strong><\/em> que selecionar\u00e1 tr\u00eas professores adjuntos para a \u00e1rea de Engenharia de Alimentos. O campus fica no munic\u00edpio de Buri, a 130 km de Sorocaba, e inicia suas atividades em 2014 com os cursos de gradua\u00e7\u00e3o em Engenharia de Alimentos, Engenharia Agron\u00f4mica e Engenharia Ambiental.<\/p>\n<p>Os docentes ser\u00e3o contratados em regime de dedica\u00e7\u00e3o exclusiva e receber\u00e3o remunera\u00e7\u00e3o mensal de R$ 8.049,77. A sub\u00e1rea de Engenharia de Processos tem duas vagas em aberto e os candidatos dever\u00e3o possuir gradua\u00e7\u00e3o em Engenharia de Alimentos ou Engenharia Qu\u00edmica e doutorado em Engenharia de Alimentos.<\/p>\n<p>J\u00e1 a sub\u00e1rea Ci\u00eancia de Alimentos oferece uma vaga aos candidatos que possuam gradua\u00e7\u00e3o em Engenharia de Alimentos, Engenharia Qu\u00edmica ou Ci\u00eancia dos Alimentos e doutorado em Engenharia ou Ci\u00eancia dos Alimentos.<\/p>\n<p>O concurso prev\u00ea a realiza\u00e7\u00e3o de provas escrita e de did\u00e1tica, argui\u00e7\u00e3o do projeto de pesquisa e an\u00e1lise do curriculum vitae. A prova escrita ter\u00e1 dura\u00e7\u00e3o de quatro horas e avaliar\u00e1 a apresenta\u00e7\u00e3o, o conte\u00fado e a linguagem.<\/p>\n<p>A prova did\u00e1tica ser\u00e1 realizada em sess\u00e3o p\u00fablica, ter\u00e1 dura\u00e7\u00e3o de 40 a 50 minutos e nela os candidatos poder\u00e3o usar lousa e material digital, caso julguem necess\u00e1rio.<\/p>\n<p>Somente os aprovados nas provas escrita e did\u00e1tica estar\u00e3o classificados para a fase de argui\u00e7\u00e3o do projeto de pesquisa e an\u00e1lise do\u00a0Curriculum vitae. A classifica\u00e7\u00e3o final dos candidatos ser\u00e1 em ordem decrescente da soma de pontos obtidos na prova escrita, did\u00e1tica, na argui\u00e7\u00e3o do projeto de pesquisa e na an\u00e1lise do curriculum vitae.<\/p>\n<p>A inscri\u00e7\u00e3o deve ser feita exclusivamente pela internet e a documenta\u00e7\u00e3o, enviada aos cuidados do Departamento de Provimento e Movimenta\u00e7\u00e3o\/DiDP\/ProGPe, na Rodovia Washington Lu\u00eds, km 235, Caixa Postal 676, Bairro Monjolinho, CEP: 13565-905, S\u00e3o Carlos-SP.<\/p>\n<p>Engenharia Qu\u00edmica<\/p>\n<p>O Departamento de Engenharia Qu\u00edmica da UFSCar tamb\u00e9m est\u00e1 com inscri\u00e7\u00f5es abertas, at\u00e9 21 de outubro, para o processo seletivo que busca preencher uma vaga de professor adjunto na \u00e1rea de Engenharia Qu\u00edmica em S\u00e3o Carlos.<\/p>\n<p>O docente ser\u00e1 contratado em regime de dedica\u00e7\u00e3o exclusiva, receber\u00e1 remunera\u00e7\u00e3o mensal de R$ 8.049,77 e atuar\u00e1 na \u00e1rea de ensino em opera\u00e7\u00f5es unit\u00e1rias e pesquisa em Engenharia Qu\u00edmica.<\/p>\n<p>O candidato deve possuir t\u00edtulo de doutor em qualquer \u00e1rea e gradua\u00e7\u00e3o em Engenharia Qu\u00edmica ou t\u00edtulo de doutor em Engenharia Qu\u00edmica e gradua\u00e7\u00e3o em qualquer \u00e1rea.<\/p>\n<p>O concurso \u00e9 composto por provas escrita e did\u00e1tica, ambas de car\u00e1ter eliminat\u00f3rio e classificat\u00f3rio. Haver\u00e1 tamb\u00e9m, em car\u00e1ter classificat\u00f3rio, a argui\u00e7\u00e3o do projeto de pesquisa e a an\u00e1lise do\u00a0curriculum vitae.<\/p>\n<p>Os editais podem ser lidos em:\u00a0<a href=\"http:\/\/www.concursos.ufscar.br\/home.php\" target=\"_blank\">http:\/\/www.concursos.ufscar.br\/home.php<\/a><\/p>\n","protected":false},"excerpt":{"rendered":"<p>Ag\u00eancia FAPESP\u00a0\u2013 A Universidade Federal de S\u00e3o Carlos (UFSCar), campus Lagoa do Sino, est\u00e1 com inscri\u00e7\u00f5es abertas, at\u00e9 21 de outubro, para o concurso que selecionar\u00e1 tr\u00eas professores adjuntos para a \u00e1rea de Engenharia de Alimentos. O campus fica no munic\u00edpio de Buri, a 130 km de Sorocaba, e inicia suas atividades em 2014 com [&hellip;]<\/p>\n","protected":false},"author":2,"featured_media":36241,"comment_status":"open","ping_status":"closed","sticky":false,"template":"","format":"standard","meta":{"tdm_status":"","tdm_grid_status":"","footnotes":""},"categories":[22,352,370],"tags":[],"class_list":{"0":"post-48359","1":"post","2":"type-post","3":"status-publish","4":"format-standard","5":"has-post-thumbnail","7":"category-brasil","8":"category-concursos","9":"category-inscricao"},"_links":{"self":[{"href":"https:\/\/migracao.redenoticia.com.br\/noticia\/wp-json\/wp\/v2\/posts\/48359","targetHints":{"allow":["GET"]}}],"collection":[{"href":"https:\/\/migracao.redenoticia.com.br\/noticia\/wp-json\/wp\/v2\/posts"}],"about":[{"href":"https:\/\/migracao.redenoticia.com.br\/noticia\/wp-json\/wp\/v2\/types\/post"}],"author":[{"embeddable":true,"href":"https:\/\/migracao.redenoticia.com.br\/noticia\/wp-json\/wp\/v2\/users\/2"}],"replies":[{"embeddable":true,"href":"https:\/\/migracao.redenoticia.com.br\/noticia\/wp-json\/wp\/v2\/comments?post=48359"}],"version-history":[{"count":0,"href":"https:\/\/migracao.redenoticia.com.br\/noticia\/wp-json\/wp\/v2\/posts\/48359\/revisions"}],"wp:featuredmedia":[{"embeddable":true,"href":"https:\/\/migracao.redenoticia.com.br\/noticia\/wp-json\/wp\/v2\/media\/36241"}],"wp:attachment":[{"href":"https:\/\/migracao.redenoticia.com.br\/noticia\/wp-json\/wp\/v2\/media?parent=48359"}],"wp:term":[{"taxonomy":"category","embeddable":true,"href":"https:\/\/migracao.redenoticia.com.br\/noticia\/wp-json\/wp\/v2\/categories?post=48359"},{"taxonomy":"post_tag","embeddable":true,"href":"https:\/\/migracao.redenoticia.com.br\/noticia\/wp-json\/wp\/v2\/tags?post=48359"}],"curies":[{"name":"wp","href":"https:\/\/api.w.org\/{rel}","templated":true}]}}