{"id":48396,"date":"2013-10-09T15:22:45","date_gmt":"2013-10-09T18:22:45","guid":{"rendered":"http:\/\/www.redenoticia.com.br\/noticia\/?p=48396"},"modified":"2013-10-09T15:22:45","modified_gmt":"2013-10-09T18:22:45","slug":"secretaria-de-saude-do-df-e-hub-abrem-programas-de-residencia-2","status":"publish","type":"post","link":"https:\/\/migracao.redenoticia.com.br\/noticia\/2013\/secretaria-de-saude-do-df-e-hub-abrem-programas-de-residencia-2\/48396","title":{"rendered":"Secretaria de Sa\u00fade do DF e HUB abrem programas de Resid\u00eancia"},"content":{"rendered":"<p><span style=\"font-size: 13px; line-height: 19px;\">A Secretaria de Estado de Sa\u00fade do Distrito Federal (SES\/DF) e a Funda\u00e7\u00e3o Universidade de Bras\u00edlia (FUB) publicaram dois editais dos processos seletivos unificados para ingresso em programas de <em><strong>Resid\u00eancia M\u00e9dica<\/strong><\/em> Unificada e Resid\u00eancia em \u00c1rea Profissional da Sa\u00fade. Os programas ser\u00e3o realizados em diversos hospitais no DF.<\/span><\/p>\n<p>Os interessados em concorrer \u00e0s vagas podem confirmar a participa\u00e7\u00e3o entre os dias 5 e 25 de outubro, nos endere\u00e7os eletr\u00f4nicos\u00a0<a href=\"http:\/\/www.cespe.unb.br\/concursos\/ses_df_13_residencia\" target=\"_blank\">www.cespe.unb.br\/concursos\/ses_df_13_residencia<\/a>\u00a0e<a href=\"http:\/\/www.cespe.unb.br\/concursos\/ses_df_13_multiprofissional\" target=\"_blank\">www.cespe.unb.br\/concursos\/ses_df_13_multiprofissional<\/a>. A taxa de inscri\u00e7\u00e3o \u00e9 R$ 150,00.<\/p>\n<p>M\u00c9DICA UNIFICADA\u00a0\u2013 Para este programa, s\u00e3o oferecidas 357 oportunidades em dez hospitais no Distrito Federal (DF). O edital prev\u00ea vagas para os programas de Resid\u00eancia M\u00e9dica de Acesso Direto, de Resid\u00eancia M\u00e9dica em Especialidades com Exig\u00eancia de Pr\u00e9-Requisito e de Resid\u00eancia M\u00e9dica Referente aos Anos Opcionais em \u00c1reas de Atua\u00e7\u00e3o. Para a op\u00e7\u00e3o de Acesso Direto, 61 vagas est\u00e3o bloqueadas em decorr\u00eancia de trancamento de matr\u00edcula, mas podem ser preenchidas por candidatos aprovados caso haja desist\u00eancia.<\/p>\n<p>Os candidatos devem possuir diploma, certificado ou declara\u00e7\u00e3o de conclus\u00e3o de curso de gradua\u00e7\u00e3o em Medicina, al\u00e9m de possuir inscri\u00e7\u00e3o definitiva ou provis\u00f3ria no Conselho Regional de Medicina do DF. A dura\u00e7\u00e3o dos programas nas diferentes especialidades m\u00e9dicas varia entre um e tr\u00eas anos.<\/p>\n<p>MULTIPROFISSIONAL\u00a0\u2013 A sele\u00e7\u00e3o para este programa prev\u00ea 190 vagas em diversas \u00e1reas da sa\u00fade, como Enfermagem, Nutri\u00e7\u00e3o, Psicologia, Odontologia, Fisioterapia e Servi\u00e7o Social. Os programas t\u00eam a dura\u00e7\u00e3o de dois anos, com carga hor\u00e1ria de 60 horas semanais e regime de dedica\u00e7\u00e3o exclusiva.<\/p>\n<p>Para concorrer, \u00e9 preciso ter diploma, certificado ou declara\u00e7\u00e3o de conclus\u00e3o de curso de gradua\u00e7\u00e3o na respectiva \u00e1rea profissional, al\u00e9m de inscri\u00e7\u00e3o definitiva ou provis\u00f3ria no respectivo Conselho Regional de Classe do DF.<\/p>\n<p>A sele\u00e7\u00e3o para ambas as resid\u00eancias ser\u00e1 composta de prova objetiva e prova discursiva de respostas curtas, previstas para o dia 15 de dezembro, e avalia\u00e7\u00e3o de curr\u00edculo. Todas as fases ser\u00e3o realizadas em Bras\u00edlia (DF).<\/p>\n<p>SERVI\u00c7O<br \/>\nProcessos seletivos:\u00a0Programas de Resid\u00eancia em Hospitais da Secretaria de Estado de Sa\u00fade do Distrito Federal e no Hospital Universit\u00e1rio de Bras\u00edlia<br \/>\nVagas:\u00a0190 para o Programa de Resid\u00eancia em \u00c1rea Profissional da Sa\u00fade e Multiprofissional e 357 vagas para o Programa de Resid\u00eancia M\u00e9dica Unificada, sendo\u00a061 vagas bloqueadas<br \/>\nInscri\u00e7\u00f5es:\u00a0entre os dias 5 e 25 de outubro<br \/>\nTaxa de inscri\u00e7\u00e3o:\u00a0R$ 150,00<br \/>\nProvas:\u00a015 de dezembro<\/p>\n<p>CONTATO<br \/>\nOutras informa\u00e7\u00f5es nos endere\u00e7os eletr\u00f4nicos<a href=\"http:\/\/www.cespe.unb.br\/concursos\/ses_df_13_residencia\" target=\"_blank\">www.cespe.unb.br\/concursos\/ses_df_13_residencia<\/a>\u00a0e<a href=\"http:\/\/www.cespe.unb.br\/concursos\/ses_df_13_multiprofissional\" target=\"_blank\">www.cespe.unb.br\/concursos\/ses_df_13_multiprofissional<\/a>\u00a0ou na Central de Atendimento do Cespe\/UnB, de segunda a sexta, das 8h \u00e0s 19h \u2013 Campus Universit\u00e1rio Darcy Ribeiro, Edif\u00edcio Sede do Cespe\/UnB \u2013 pelo telefone (61) 3448-0100.<\/p>\n","protected":false},"excerpt":{"rendered":"<p>A Secretaria de Estado de Sa\u00fade do Distrito Federal (SES\/DF) e a Funda\u00e7\u00e3o Universidade de Bras\u00edlia (FUB) publicaram dois editais dos processos seletivos unificados para ingresso em programas de Resid\u00eancia M\u00e9dica Unificada e Resid\u00eancia em \u00c1rea Profissional da Sa\u00fade. Os programas ser\u00e3o realizados em diversos hospitais no DF. Os interessados em concorrer \u00e0s vagas podem [&hellip;]<\/p>\n","protected":false},"author":2,"featured_media":35093,"comment_status":"open","ping_status":"closed","sticky":false,"template":"","format":"standard","meta":{"tdm_status":"","tdm_grid_status":"","footnotes":""},"categories":[22,370,353],"tags":[],"class_list":{"0":"post-48396","1":"post","2":"type-post","3":"status-publish","4":"format-standard","5":"has-post-thumbnail","7":"category-brasil","8":"category-inscricao","9":"category-oportunidades"},"_links":{"self":[{"href":"https:\/\/migracao.redenoticia.com.br\/noticia\/wp-json\/wp\/v2\/posts\/48396","targetHints":{"allow":["GET"]}}],"collection":[{"href":"https:\/\/migracao.redenoticia.com.br\/noticia\/wp-json\/wp\/v2\/posts"}],"about":[{"href":"https:\/\/migracao.redenoticia.com.br\/noticia\/wp-json\/wp\/v2\/types\/post"}],"author":[{"embeddable":true,"href":"https:\/\/migracao.redenoticia.com.br\/noticia\/wp-json\/wp\/v2\/users\/2"}],"replies":[{"embeddable":true,"href":"https:\/\/migracao.redenoticia.com.br\/noticia\/wp-json\/wp\/v2\/comments?post=48396"}],"version-history":[{"count":0,"href":"https:\/\/migracao.redenoticia.com.br\/noticia\/wp-json\/wp\/v2\/posts\/48396\/revisions"}],"wp:featuredmedia":[{"embeddable":true,"href":"https:\/\/migracao.redenoticia.com.br\/noticia\/wp-json\/wp\/v2\/media\/35093"}],"wp:attachment":[{"href":"https:\/\/migracao.redenoticia.com.br\/noticia\/wp-json\/wp\/v2\/media?parent=48396"}],"wp:term":[{"taxonomy":"category","embeddable":true,"href":"https:\/\/migracao.redenoticia.com.br\/noticia\/wp-json\/wp\/v2\/categories?post=48396"},{"taxonomy":"post_tag","embeddable":true,"href":"https:\/\/migracao.redenoticia.com.br\/noticia\/wp-json\/wp\/v2\/tags?post=48396"}],"curies":[{"name":"wp","href":"https:\/\/api.w.org\/{rel}","templated":true}]}}