{"id":48603,"date":"2013-10-15T15:49:12","date_gmt":"2013-10-15T18:49:12","guid":{"rendered":"http:\/\/www.redenoticia.com.br\/noticia\/?p=48603"},"modified":"2013-10-15T15:49:12","modified_gmt":"2013-10-15T18:49:12","slug":"receita-paga-quinto-lote-de-restituicoes-do-ir-2013","status":"publish","type":"post","link":"https:\/\/migracao.redenoticia.com.br\/noticia\/2013\/receita-paga-quinto-lote-de-restituicoes-do-ir-2013\/48603","title":{"rendered":"Receita paga quinto lote de restitui\u00e7\u00f5es do IR 2013"},"content":{"rendered":"<p>Bras\u00edlia \u2013 A <em><strong>Receita Federal<\/strong> <\/em>libera hoje (8) o pagamento do quinto lote de restitui\u00e7\u00f5es do Imposto de Renda Pessoa F\u00edsica (IRPF) do exerc\u00edcio de 2013 (ano-calend\u00e1rio 2012). S\u00e3o pagos tamb\u00e9m os lotes residuais referentes aos exerc\u00edcios de 2012 a 2008, correspondentes aos anos-calend\u00e1rio de 2011 a 2007, respectivamente, liberados da malha fina.<\/p>\n<p>As restitui\u00e7\u00f5es do quinto lote somam R$ 1,5 bilh\u00e3o e ser\u00e3o pagas a 1.497.611 contribuintes. Desse total, R$ 1,43 bilh\u00e3o correspondem a 1.467.774 declara\u00e7\u00f5es feitas neste ano e R$ 70,3 milh\u00f5es destinam-se a 29.837 contribuintes inclu\u00eddos nos lotes residuais. A corre\u00e7\u00e3o varia de 11,6%, para as declara\u00e7\u00f5es de 2012, a 53,03%, para os lotes da malha fina de 2008.<\/p>\n<p>Segundo a Receita Federal, as restitui\u00e7\u00f5es referentes ao exerc\u00edcio de 2013 s\u00e3o creditadas com corre\u00e7\u00e3o de 4,35%, equivalente \u00e0 taxa Selic (juros b\u00e1sicos da economia).<\/p>\n<p>Para saber se teve a declara\u00e7\u00e3o liberada, o contribuinte dever\u00e1 acessar a p\u00e1gina da Receita na internet, ou ligar para o Receitafone 146. A Receita disponibiliza, ainda, aplicativo para tablets e smarthphones que facilita consulta a declara\u00e7\u00f5es de IRPF e \u00e0 situa\u00e7\u00e3o cadastral no CPF.<\/p>\n<p>A restitui\u00e7\u00e3o ficar\u00e1 dispon\u00edvel no banco durante um ano. Se o contribuinte n\u00e3o fizer o resgate nesse prazo, dever\u00e1 requer\u00ea-la por meio da internet, mediante o Formul\u00e1rio Eletr\u00f4nico-Pedido de Pagamento de Restitui\u00e7\u00e3o, ou diretamente no e-CAC, no servi\u00e7o Extrato do Processamento da DIRPF.<\/p>\n<p>Caso o valor n\u00e3o seja creditado, o contribuinte deve contatar pessoalmente qualquer ag\u00eancia do Banco do Brasil ou ligar para a Central de Atendimento, pelos telefones 4004-0001 (capitais) e 0800-729-0001 (demais localidades) para agendar o cr\u00e9dito em conta-corrente ou poupan\u00e7a, em seu nome, em qualquer banco.<\/p>\n<p>Daniel Lima<br \/>\nRep\u00f3rter da Ag\u00eancia Brasil<br \/>\n*Colaborou Wellton M\u00e1ximo<\/p>\n<p>Edi\u00e7\u00e3o: N\u00e1dia Franco<\/p>\n","protected":false},"excerpt":{"rendered":"<p>Bras\u00edlia \u2013 A Receita Federal libera hoje (8) o pagamento do quinto lote de restitui\u00e7\u00f5es do Imposto de Renda Pessoa F\u00edsica (IRPF) do exerc\u00edcio de 2013 (ano-calend\u00e1rio 2012). S\u00e3o pagos tamb\u00e9m os lotes residuais referentes aos exerc\u00edcios de 2012 a 2008, correspondentes aos anos-calend\u00e1rio de 2011 a 2007, respectivamente, liberados da malha fina. As restitui\u00e7\u00f5es [&hellip;]<\/p>\n","protected":false},"author":2,"featured_media":23889,"comment_status":"open","ping_status":"closed","sticky":false,"template":"","format":"standard","meta":{"tdm_status":"","tdm_grid_status":"","footnotes":""},"categories":[22],"tags":[],"class_list":{"0":"post-48603","1":"post","2":"type-post","3":"status-publish","4":"format-standard","5":"has-post-thumbnail","7":"category-brasil"},"_links":{"self":[{"href":"https:\/\/migracao.redenoticia.com.br\/noticia\/wp-json\/wp\/v2\/posts\/48603","targetHints":{"allow":["GET"]}}],"collection":[{"href":"https:\/\/migracao.redenoticia.com.br\/noticia\/wp-json\/wp\/v2\/posts"}],"about":[{"href":"https:\/\/migracao.redenoticia.com.br\/noticia\/wp-json\/wp\/v2\/types\/post"}],"author":[{"embeddable":true,"href":"https:\/\/migracao.redenoticia.com.br\/noticia\/wp-json\/wp\/v2\/users\/2"}],"replies":[{"embeddable":true,"href":"https:\/\/migracao.redenoticia.com.br\/noticia\/wp-json\/wp\/v2\/comments?post=48603"}],"version-history":[{"count":0,"href":"https:\/\/migracao.redenoticia.com.br\/noticia\/wp-json\/wp\/v2\/posts\/48603\/revisions"}],"wp:featuredmedia":[{"embeddable":true,"href":"https:\/\/migracao.redenoticia.com.br\/noticia\/wp-json\/wp\/v2\/media\/23889"}],"wp:attachment":[{"href":"https:\/\/migracao.redenoticia.com.br\/noticia\/wp-json\/wp\/v2\/media?parent=48603"}],"wp:term":[{"taxonomy":"category","embeddable":true,"href":"https:\/\/migracao.redenoticia.com.br\/noticia\/wp-json\/wp\/v2\/categories?post=48603"},{"taxonomy":"post_tag","embeddable":true,"href":"https:\/\/migracao.redenoticia.com.br\/noticia\/wp-json\/wp\/v2\/tags?post=48603"}],"curies":[{"name":"wp","href":"https:\/\/api.w.org\/{rel}","templated":true}]}}