{"id":48605,"date":"2013-10-15T15:51:58","date_gmt":"2013-10-15T18:51:58","guid":{"rendered":"http:\/\/www.redenoticia.com.br\/noticia\/?p=48605"},"modified":"2013-10-15T15:51:58","modified_gmt":"2013-10-15T18:51:58","slug":"previsao-de-temporais-no-rj-nos-proximos-dias","status":"publish","type":"post","link":"https:\/\/migracao.redenoticia.com.br\/noticia\/2013\/previsao-de-temporais-no-rj-nos-proximos-dias\/48605","title":{"rendered":"Previs\u00e3o de temporais no RJ nos pr\u00f3ximos dias"},"content":{"rendered":"<p>Segundo <em><strong>previs\u00e3o<\/strong><\/em> da Somar Meteorologia, no decorrer desta ter\u00e7a-feira a nebulosidade aumenta sobre o territ\u00f3rio fluminense e volta a chover em algumas regi\u00f5es, inclusive de forma mais intensa em pontos isolados, principalmente nas cidades mais ao sul do Estado.<\/p>\n<p>Apesar da nebulosidade, as temperaturas sobem no decorrer do dia e a sensa\u00e7\u00e3o de abafamento predomina em todas as \u00e1reas, com m\u00e1ximas chegando facilmente aos 30\u00baC. Na Capital, por exemplo, os term\u00f4metros alcan\u00e7am os 33\u00b0C. Apenas na regi\u00e3o serrana n\u00e3o faz tanto calor, com valores entre 25\u00b0C e 27\u00b0C.<\/p>\n<p>Na quarta-feira, a forma\u00e7\u00e3o de um novo sistema de baixa press\u00e3o entre o litoral paulista e fluminense aumenta as instabilidades sobre o Rio de Janeiro e por isso, h\u00e1 previs\u00e3o de temporais no Estado. Os maiores acumulados s\u00e3o esperados para as regi\u00f5es de divisa entre S\u00e3o Paulo, Minas Gerais e Rio de Janeiro, na Serra da Mantiqueira e Vale do Para\u00edba. Al\u00e9m dessas \u00e1reas, tamb\u00e9m h\u00e1 risco de chuvas fortes na regi\u00e3o serrana. Segundo o meteorologista Gustavo Verardo, h\u00e1 potencial para inunda\u00e7\u00f5es e deslizamentos em todas essas regi\u00f5es.<\/p>\n<p>Por conta do tempo mais inst\u00e1vel que o dia anterior, a temperatura j\u00e1 n\u00e3o sobem tanto, mas a sensa\u00e7\u00e3o de abafamento ainda predomina, principalmente nas cidades pr\u00f3ximas ao Estado capixaba, onde os term\u00f4metros ficam na casa dos 30\u00b0C. Na Capital, a m\u00e1xima j\u00e1 n\u00e3o deve passar dos 27\u00b0C e na regi\u00e3o serrana a temperatura fica entre 23\u00b0C e 25\u00b0C.<\/p>\n<p>De acordo com os meteorologistas da Somar, na quinta-feira a chuva se intensifica e espalha por grande parte das regi\u00f5es fluminenses, o que aumenta o risco de alagamentos, deslizamentos e inunda\u00e7\u00f5es, principalmente no Vale do Para\u00edba, regi\u00e3o Serrana e Grande Rio. E as chuvas vir\u00e3o acompanhadas de descargas el\u00e9tricas e rajadas de vento em torno de 60 km\/h. As temperaturas seguem amenas e os term\u00f4metros n\u00e3o passam dos 26\u00b0C na maior parte do Estado.<\/p>\n<p>Na sexta-feira o tempo permanece inst\u00e1vel em todas as regi\u00f5es fluminenses e h\u00e1 condi\u00e7\u00e3o para temporais entre o centro-norte do Estado, com altos acumulados de chuva e trovoadas, al\u00e9m de rajadas de vento em torno de 70 km\/h. No s\u00e1bado, as chuvas come\u00e7am a perder for\u00e7a, mas ainda h\u00e1 previs\u00e3o de chuvas em grande parte do Rio de Janeiro.<\/p>\n<p>&#8212;<br \/>\nDeliane Assis<br \/>\nAssessora de Imprensa &#8211; Somar Meteorologia<\/p>\n","protected":false},"excerpt":{"rendered":"<p>Segundo previs\u00e3o da Somar Meteorologia, no decorrer desta ter\u00e7a-feira a nebulosidade aumenta sobre o territ\u00f3rio fluminense e volta a chover em algumas regi\u00f5es, inclusive de forma mais intensa em pontos isolados, principalmente nas cidades mais ao sul do Estado. Apesar da nebulosidade, as temperaturas sobem no decorrer do dia e a sensa\u00e7\u00e3o de abafamento predomina [&hellip;]<\/p>\n","protected":false},"author":2,"featured_media":26302,"comment_status":"open","ping_status":"closed","sticky":false,"template":"","format":"standard","meta":{"tdm_status":"","tdm_grid_status":"","footnotes":""},"categories":[22],"tags":[],"class_list":{"0":"post-48605","1":"post","2":"type-post","3":"status-publish","4":"format-standard","5":"has-post-thumbnail","7":"category-brasil"},"_links":{"self":[{"href":"https:\/\/migracao.redenoticia.com.br\/noticia\/wp-json\/wp\/v2\/posts\/48605","targetHints":{"allow":["GET"]}}],"collection":[{"href":"https:\/\/migracao.redenoticia.com.br\/noticia\/wp-json\/wp\/v2\/posts"}],"about":[{"href":"https:\/\/migracao.redenoticia.com.br\/noticia\/wp-json\/wp\/v2\/types\/post"}],"author":[{"embeddable":true,"href":"https:\/\/migracao.redenoticia.com.br\/noticia\/wp-json\/wp\/v2\/users\/2"}],"replies":[{"embeddable":true,"href":"https:\/\/migracao.redenoticia.com.br\/noticia\/wp-json\/wp\/v2\/comments?post=48605"}],"version-history":[{"count":0,"href":"https:\/\/migracao.redenoticia.com.br\/noticia\/wp-json\/wp\/v2\/posts\/48605\/revisions"}],"wp:featuredmedia":[{"embeddable":true,"href":"https:\/\/migracao.redenoticia.com.br\/noticia\/wp-json\/wp\/v2\/media\/26302"}],"wp:attachment":[{"href":"https:\/\/migracao.redenoticia.com.br\/noticia\/wp-json\/wp\/v2\/media?parent=48605"}],"wp:term":[{"taxonomy":"category","embeddable":true,"href":"https:\/\/migracao.redenoticia.com.br\/noticia\/wp-json\/wp\/v2\/categories?post=48605"},{"taxonomy":"post_tag","embeddable":true,"href":"https:\/\/migracao.redenoticia.com.br\/noticia\/wp-json\/wp\/v2\/tags?post=48605"}],"curies":[{"name":"wp","href":"https:\/\/api.w.org\/{rel}","templated":true}]}}