{"id":48607,"date":"2013-10-15T15:54:43","date_gmt":"2013-10-15T18:54:43","guid":{"rendered":"http:\/\/www.redenoticia.com.br\/noticia\/?p=48607"},"modified":"2013-10-15T15:54:43","modified_gmt":"2013-10-15T18:54:43","slug":"rj-e-sp-registram-alta-nas-vendas-de-imoveis","status":"publish","type":"post","link":"https:\/\/migracao.redenoticia.com.br\/noticia\/2013\/rj-e-sp-registram-alta-nas-vendas-de-imoveis\/48607","title":{"rendered":"RJ e SP registram alta nas vendas de im\u00f3veis"},"content":{"rendered":"<p>S\u00e3o Paulo &#8211; A venda de <em><strong>im\u00f3veis residenciais<\/strong><\/em> novos cresceu 13% no primeiro semestre, em nove estados do pa\u00eds, na compara\u00e7\u00e3o com igual per\u00edodo do ano passado. O dado faz parte do levantamento divulgado hoje (15) pelo Sindicato da Habita\u00e7\u00e3o de S\u00e3o Paulo (Secovi-SP). De janeiro a junho de 2013, foram comercializadas 54,2 mil unidades ante 48 mil no ano anterior.<\/p>\n<p>O resultado foi puxado pelos n\u00fameros da regi\u00e3o metropolitana de S\u00e3o Paulo e do munic\u00edpio do Rio de Janeiro, considerando que somente os dois apresentaram alta de 39% e 8% nas vendas, respectivamente. A participa\u00e7\u00e3o dessas regi\u00f5es no mercado imobili\u00e1rio aumentou de 51% para 61% este ano. Somente em S\u00e3o Paulo foram comercializadas 28,7 mil unidades.<\/p>\n<p>Nas outras sete regi\u00f5es apuradas, houve retra\u00e7\u00e3o. A maior queda ocorreu na regi\u00e3o metropolitana de Fortaleza (CE), onde foram vendidas 900 unidades a menos do que em 2012, uma redu\u00e7\u00e3o de 32%. Em seguida, aparece Belo Horizonte (MG), com queda de 16% nas vendas. As regi\u00f5es metropolitanas de Goi\u00e2nia (GO) e do Recife (PE) tiveram redu\u00e7\u00e3o de 9%.<\/p>\n<p>Porto Alegre e a regi\u00e3o metropolitana de Jo\u00e3o Pessoa (PB) tiveram recuos menores, com 4% e 5%, respectivamente. Na Bahia, os n\u00fameros apurados nos munic\u00edpios de Salvador, Lauro Freitas, Cama\u00e7ari e Feira de Santana mostraram decr\u00e9scimo de 3% nas vendas de im\u00f3veis novos.<\/p>\n<p>O levantamento mostra ainda que houve avan\u00e7o de 9% no n\u00famero de unidades residenciais lan\u00e7adas de janeiro a junho. Foram 3,9 mil unidades a mais este ano, passando de 41,6 mil, em 2012, para 45,5 mil. Al\u00e9m de S\u00e3o Paulo (41%) e Rio de Janeiro (9%), houve crescimento nas regi\u00f5es metropolitanas de Goi\u00e2nia (50%) e Jo\u00e3o Pessoa (48%). Em Belo Horizonte tamb\u00e9m foi registrado acr\u00e9scimo, mas em menor propor\u00e7\u00e3o: 2%. No comparativo de lan\u00e7amentos e vendas, no primeiro semestre deste ano foram comercializadas 8,7 mil unidades a mais do que lan\u00e7adas.<\/p>\n<p>Camila Maciel<br \/>\nRep\u00f3rter da Ag\u00eancia Brasil<br \/>\nEdi\u00e7\u00e3o: Talita Cavalcante<\/p>\n","protected":false},"excerpt":{"rendered":"<p>S\u00e3o Paulo &#8211; A venda de im\u00f3veis residenciais novos cresceu 13% no primeiro semestre, em nove estados do pa\u00eds, na compara\u00e7\u00e3o com igual per\u00edodo do ano passado. O dado faz parte do levantamento divulgado hoje (15) pelo Sindicato da Habita\u00e7\u00e3o de S\u00e3o Paulo (Secovi-SP). De janeiro a junho de 2013, foram comercializadas 54,2 mil unidades [&hellip;]<\/p>\n","protected":false},"author":2,"featured_media":34681,"comment_status":"open","ping_status":"closed","sticky":false,"template":"","format":"standard","meta":{"tdm_status":"","tdm_grid_status":"","footnotes":""},"categories":[22],"tags":[],"class_list":{"0":"post-48607","1":"post","2":"type-post","3":"status-publish","4":"format-standard","5":"has-post-thumbnail","7":"category-brasil"},"_links":{"self":[{"href":"https:\/\/migracao.redenoticia.com.br\/noticia\/wp-json\/wp\/v2\/posts\/48607","targetHints":{"allow":["GET"]}}],"collection":[{"href":"https:\/\/migracao.redenoticia.com.br\/noticia\/wp-json\/wp\/v2\/posts"}],"about":[{"href":"https:\/\/migracao.redenoticia.com.br\/noticia\/wp-json\/wp\/v2\/types\/post"}],"author":[{"embeddable":true,"href":"https:\/\/migracao.redenoticia.com.br\/noticia\/wp-json\/wp\/v2\/users\/2"}],"replies":[{"embeddable":true,"href":"https:\/\/migracao.redenoticia.com.br\/noticia\/wp-json\/wp\/v2\/comments?post=48607"}],"version-history":[{"count":0,"href":"https:\/\/migracao.redenoticia.com.br\/noticia\/wp-json\/wp\/v2\/posts\/48607\/revisions"}],"wp:featuredmedia":[{"embeddable":true,"href":"https:\/\/migracao.redenoticia.com.br\/noticia\/wp-json\/wp\/v2\/media\/34681"}],"wp:attachment":[{"href":"https:\/\/migracao.redenoticia.com.br\/noticia\/wp-json\/wp\/v2\/media?parent=48607"}],"wp:term":[{"taxonomy":"category","embeddable":true,"href":"https:\/\/migracao.redenoticia.com.br\/noticia\/wp-json\/wp\/v2\/categories?post=48607"},{"taxonomy":"post_tag","embeddable":true,"href":"https:\/\/migracao.redenoticia.com.br\/noticia\/wp-json\/wp\/v2\/tags?post=48607"}],"curies":[{"name":"wp","href":"https:\/\/api.w.org\/{rel}","templated":true}]}}