{"id":4861,"date":"2009-07-08T00:45:14","date_gmt":"2009-07-08T04:45:14","guid":{"rendered":"http:\/\/www.redenoticia.com.br\/noticia\/?p=4861"},"modified":"2009-07-08T16:40:37","modified_gmt":"2009-07-08T20:40:37","slug":"ccj-aprova-pec-dos-vereadores","status":"publish","type":"post","link":"https:\/\/migracao.redenoticia.com.br\/noticia\/2009\/ccj-aprova-pec-dos-vereadores\/4861","title":{"rendered":"CCJ aprova PEC dos Vereadores"},"content":{"rendered":"<p>A Comiss\u00e3o de Constitui\u00e7\u00e3o e Justi\u00e7a (CCJ) da C\u00e2mara dos Deputados deu parecer favor\u00e1vel \u00e0 tramita\u00e7\u00e3o da Proposta de Emenda Constitucional (PEC) que cria mais de 7 mil vagas de vereadores em todo o pa\u00eds. A retroatividade do aumento de vagas de vereadores prevista na proposta foi questionada pelos parlamentares. Um dos que votaram contra o parecer, o deputado Jos\u00e9 Genoino (PT-SP) argumentou que o item pode ser questionado na Justi\u00e7a \u201cpois gera inseguran\u00e7a jur\u00eddica\u201d. Por\u00e9m, a maioria dos deputados seguiu o parecer do deputado Arnaldo Faria de S\u00e1 (PTB-SP), de que a mat\u00e9ria cumpre os requisitos jur\u00eddicos e formais para tramitar na C\u00e2mara. A proposta segue agora para an\u00e1lise de uma comiss\u00e3o especial que dever\u00e1 analisar o m\u00e9rito da PEC.<\/p>\n<p><a href=\"http:\/\/claudiohumberto.com.br\/principal\/index.php\" target=\"_blank\">Claudio Humberto<\/a><\/p>\n","protected":false},"excerpt":{"rendered":"<p>A Comiss\u00e3o de Constitui\u00e7\u00e3o e Justi\u00e7a (CCJ) da C\u00e2mara dos Deputados deu parecer favor\u00e1vel \u00e0 tramita\u00e7\u00e3o da Proposta de Emenda Constitucional (PEC) que cria mais de 7 mil vagas de vereadores em todo o pa\u00eds. A retroatividade do aumento de vagas de vereadores prevista na proposta foi questionada pelos parlamentares. Um dos que votaram contra [&hellip;]<\/p>\n","protected":false},"author":2,"featured_media":0,"comment_status":"open","ping_status":"open","sticky":false,"template":"","format":"standard","meta":{"tdm_status":"","tdm_grid_status":"","footnotes":""},"categories":[22],"tags":[],"class_list":{"0":"post-4861","1":"post","2":"type-post","3":"status-publish","4":"format-standard","6":"category-brasil"},"_links":{"self":[{"href":"https:\/\/migracao.redenoticia.com.br\/noticia\/wp-json\/wp\/v2\/posts\/4861","targetHints":{"allow":["GET"]}}],"collection":[{"href":"https:\/\/migracao.redenoticia.com.br\/noticia\/wp-json\/wp\/v2\/posts"}],"about":[{"href":"https:\/\/migracao.redenoticia.com.br\/noticia\/wp-json\/wp\/v2\/types\/post"}],"author":[{"embeddable":true,"href":"https:\/\/migracao.redenoticia.com.br\/noticia\/wp-json\/wp\/v2\/users\/2"}],"replies":[{"embeddable":true,"href":"https:\/\/migracao.redenoticia.com.br\/noticia\/wp-json\/wp\/v2\/comments?post=4861"}],"version-history":[{"count":0,"href":"https:\/\/migracao.redenoticia.com.br\/noticia\/wp-json\/wp\/v2\/posts\/4861\/revisions"}],"wp:attachment":[{"href":"https:\/\/migracao.redenoticia.com.br\/noticia\/wp-json\/wp\/v2\/media?parent=4861"}],"wp:term":[{"taxonomy":"category","embeddable":true,"href":"https:\/\/migracao.redenoticia.com.br\/noticia\/wp-json\/wp\/v2\/categories?post=4861"},{"taxonomy":"post_tag","embeddable":true,"href":"https:\/\/migracao.redenoticia.com.br\/noticia\/wp-json\/wp\/v2\/tags?post=4861"}],"curies":[{"name":"wp","href":"https:\/\/api.w.org\/{rel}","templated":true}]}}