{"id":48611,"date":"2013-10-15T16:00:13","date_gmt":"2013-10-15T19:00:13","guid":{"rendered":"http:\/\/www.redenoticia.com.br\/noticia\/?p=48611"},"modified":"2013-10-15T16:00:13","modified_gmt":"2013-10-15T19:00:13","slug":"stf-convoca-audiencia-publica-sobre-biografias-nao-autorizadas","status":"publish","type":"post","link":"https:\/\/migracao.redenoticia.com.br\/noticia\/2013\/stf-convoca-audiencia-publica-sobre-biografias-nao-autorizadas\/48611","title":{"rendered":"STF convoca audi\u00eancia p\u00fablica sobre biografias n\u00e3o autorizadas"},"content":{"rendered":"<p>Bras\u00edlia \u2013 A ministra C\u00e1rmen L\u00facia, do Supremo Tribunal Federal (STF), convocou audi\u00eancia p\u00fablica para debater a publica\u00e7\u00e3o de <em><strong>biografias n\u00e3o autorizadas<\/strong><\/em>. A quest\u00e3o \u00e9 discutida na A\u00e7\u00e3o Direta de Inconstitucionalidade impetrada, em 2012, pela Associa\u00e7\u00e3o Nacional dos Editores de Livros (Anel). A audi\u00eancia ser\u00e1 nos dias 21 e 22 de novembro.<\/p>\n<p>A associa\u00e7\u00e3o questiona a constitucionalidade dos Artigos 20 e 21 do C\u00f3digo Civil. A Anel argumenta que a norma contraria a liberdade de express\u00e3o e de informa\u00e7\u00e3o, e pede que o Supremo declare que n\u00e3o \u00e9 preciso autoriza\u00e7\u00e3o do biografado para a publica\u00e7\u00e3o dos livros. Segundo o Artigo 20 do C\u00f3digo Civil, \u201ca divulga\u00e7\u00e3o de escritos, a transmiss\u00e3o da palavra, ou a publica\u00e7\u00e3o, a exposi\u00e7\u00e3o ou a utiliza\u00e7\u00e3o da imagem de uma pessoa poder\u00e3o ser proibidas\u201d.<\/p>\n<p>Para participar da audi\u00eancia, especialistas e interessados devem enviar e-mail at\u00e9 o dia 12 de novembro para o endere\u00e7o eletr\u00f4nico autorizacaodebiografia@stf.jus.br<\/p>\n<p>Segundo a ministra, relatora do processo, a audi\u00eancia \u00e9 necess\u00e1ria para subsidiar a decis\u00e3o da Corte. \u201cA mat\u00e9ria versada na a\u00e7\u00e3o ultrapassa os limites de interesses espec\u00edficos da entidade autora ou mesmo apenas de pessoas que poderiam figurar como biografados, repercutindo em valores fundamentais dos indiv\u00edduos e da sociedade brasileira\u201d, argumentou.<\/p>\n<p>Ontem (14), o presidente do Supremo, Joaquim Barbosa, afirmou que \u00e9 contra a retirada de circula\u00e7\u00e3o de biografias n\u00e3o autorizadas. Para o ministro, as obras que provocarem efeito devastador na vida do biografado devem ter os autores condenados a pagamento de \u201cindeniza\u00e7\u00f5es pesadas\u201d.<\/p>\n<p>Andr\u00e9 Richter<br \/>\nRep\u00f3rter da Ag\u00eancia Brasil<\/p>\n<p>Edi\u00e7\u00e3o: Beto Coura<\/p>\n","protected":false},"excerpt":{"rendered":"<p>Bras\u00edlia \u2013 A ministra C\u00e1rmen L\u00facia, do Supremo Tribunal Federal (STF), convocou audi\u00eancia p\u00fablica para debater a publica\u00e7\u00e3o de biografias n\u00e3o autorizadas. A quest\u00e3o \u00e9 discutida na A\u00e7\u00e3o Direta de Inconstitucionalidade impetrada, em 2012, pela Associa\u00e7\u00e3o Nacional dos Editores de Livros (Anel). A audi\u00eancia ser\u00e1 nos dias 21 e 22 de novembro. A associa\u00e7\u00e3o questiona [&hellip;]<\/p>\n","protected":false},"author":2,"featured_media":34821,"comment_status":"open","ping_status":"closed","sticky":false,"template":"","format":"standard","meta":{"tdm_status":"","tdm_grid_status":"","footnotes":""},"categories":[22],"tags":[],"class_list":{"0":"post-48611","1":"post","2":"type-post","3":"status-publish","4":"format-standard","5":"has-post-thumbnail","7":"category-brasil"},"_links":{"self":[{"href":"https:\/\/migracao.redenoticia.com.br\/noticia\/wp-json\/wp\/v2\/posts\/48611","targetHints":{"allow":["GET"]}}],"collection":[{"href":"https:\/\/migracao.redenoticia.com.br\/noticia\/wp-json\/wp\/v2\/posts"}],"about":[{"href":"https:\/\/migracao.redenoticia.com.br\/noticia\/wp-json\/wp\/v2\/types\/post"}],"author":[{"embeddable":true,"href":"https:\/\/migracao.redenoticia.com.br\/noticia\/wp-json\/wp\/v2\/users\/2"}],"replies":[{"embeddable":true,"href":"https:\/\/migracao.redenoticia.com.br\/noticia\/wp-json\/wp\/v2\/comments?post=48611"}],"version-history":[{"count":0,"href":"https:\/\/migracao.redenoticia.com.br\/noticia\/wp-json\/wp\/v2\/posts\/48611\/revisions"}],"wp:featuredmedia":[{"embeddable":true,"href":"https:\/\/migracao.redenoticia.com.br\/noticia\/wp-json\/wp\/v2\/media\/34821"}],"wp:attachment":[{"href":"https:\/\/migracao.redenoticia.com.br\/noticia\/wp-json\/wp\/v2\/media?parent=48611"}],"wp:term":[{"taxonomy":"category","embeddable":true,"href":"https:\/\/migracao.redenoticia.com.br\/noticia\/wp-json\/wp\/v2\/categories?post=48611"},{"taxonomy":"post_tag","embeddable":true,"href":"https:\/\/migracao.redenoticia.com.br\/noticia\/wp-json\/wp\/v2\/tags?post=48611"}],"curies":[{"name":"wp","href":"https:\/\/api.w.org\/{rel}","templated":true}]}}