{"id":48613,"date":"2013-10-15T16:03:19","date_gmt":"2013-10-15T19:03:19","guid":{"rendered":"http:\/\/www.redenoticia.com.br\/noticia\/?p=48613"},"modified":"2013-10-15T16:03:19","modified_gmt":"2013-10-15T19:03:19","slug":"sp-permanece-com-tempo-instavel-ate-o-final-da-semana","status":"publish","type":"post","link":"https:\/\/migracao.redenoticia.com.br\/noticia\/2013\/sp-permanece-com-tempo-instavel-ate-o-final-da-semana\/48613","title":{"rendered":"SP permanece com tempo inst\u00e1vel at\u00e9 o final da semana"},"content":{"rendered":"<p><span style=\"font-size: 13px; line-height: 19px;\">Nesta quarta-feira, a <em><strong>frente fria<\/strong><\/em> mant\u00e9m o tempo chuvoso sobre o Estado de S\u00e3o Paulo. Ainda pela manh\u00e3, h\u00e1 condi\u00e7\u00e3o para chuva forte com trovoadas e rajadas de vento nas regi\u00f5es de Presidente Prudente, Mar\u00edlia, Lins, Araraquara, Catanduva e S\u00e3o Jos\u00e9 do Rio Preto. \u00c0 tarde, a chuva forte se espalha e atinge o Vale do Para\u00edba, regi\u00e3o de Mococa, Franca, Ituverava, Ribeir\u00e3o Preto, Serra da Mantiqueira, Jales, Pirassununga e S\u00e3o Carlos. As temperaturas caem ainda mais e a sensa\u00e7\u00e3o ser\u00e1 de frio no sul e leste, com m\u00e1xima que n\u00e3o deve passar dos 20\u00b0C na Capital.<\/span><\/p>\n<p>Na quinta-feira, novamente o dia ser\u00e1 com chuvas em boa parte do Estado, sendo mais intensas pela manh\u00e3 no oeste e norte paulista. \u00c0 tarde, as chuvas fortes passam a atingir praticamente todo o interior do Estado, com potencial para temporais na regi\u00e3o de Avar\u00e9, Piracicaba, Campinas, Serra Negra, Amparo, Pirassununga, Ribeir\u00e3o Preto, Vale do Para\u00edba e S\u00e3o Carlos. Na sexta-feira, a frente fria come\u00e7a a se afastar do Estado de S\u00e3o Paulo, mas ainda causa moderada no nordeste do Estado.<\/p>\n<p>Segundo previs\u00e3o da Somar, a partir de s\u00e1bado uma massa de ar seco avan\u00e7a na dire\u00e7\u00e3o do Estado e favorece o retorno do sol e a eleva\u00e7\u00e3o das temperaturas em todas as regi\u00f5es, inclusive na Capital, onde os term\u00f4metros voltam a passar dos 25\u00b0C.<\/p>\n","protected":false},"excerpt":{"rendered":"<p>Nesta quarta-feira, a frente fria mant\u00e9m o tempo chuvoso sobre o Estado de S\u00e3o Paulo. Ainda pela manh\u00e3, h\u00e1 condi\u00e7\u00e3o para chuva forte com trovoadas e rajadas de vento nas regi\u00f5es de Presidente Prudente, Mar\u00edlia, Lins, Araraquara, Catanduva e S\u00e3o Jos\u00e9 do Rio Preto. \u00c0 tarde, a chuva forte se espalha e atinge o Vale [&hellip;]<\/p>\n","protected":false},"author":2,"featured_media":28409,"comment_status":"open","ping_status":"closed","sticky":false,"template":"","format":"standard","meta":{"tdm_status":"","tdm_grid_status":"","footnotes":""},"categories":[22],"tags":[],"class_list":{"0":"post-48613","1":"post","2":"type-post","3":"status-publish","4":"format-standard","5":"has-post-thumbnail","7":"category-brasil"},"_links":{"self":[{"href":"https:\/\/migracao.redenoticia.com.br\/noticia\/wp-json\/wp\/v2\/posts\/48613","targetHints":{"allow":["GET"]}}],"collection":[{"href":"https:\/\/migracao.redenoticia.com.br\/noticia\/wp-json\/wp\/v2\/posts"}],"about":[{"href":"https:\/\/migracao.redenoticia.com.br\/noticia\/wp-json\/wp\/v2\/types\/post"}],"author":[{"embeddable":true,"href":"https:\/\/migracao.redenoticia.com.br\/noticia\/wp-json\/wp\/v2\/users\/2"}],"replies":[{"embeddable":true,"href":"https:\/\/migracao.redenoticia.com.br\/noticia\/wp-json\/wp\/v2\/comments?post=48613"}],"version-history":[{"count":0,"href":"https:\/\/migracao.redenoticia.com.br\/noticia\/wp-json\/wp\/v2\/posts\/48613\/revisions"}],"wp:featuredmedia":[{"embeddable":true,"href":"https:\/\/migracao.redenoticia.com.br\/noticia\/wp-json\/wp\/v2\/media\/28409"}],"wp:attachment":[{"href":"https:\/\/migracao.redenoticia.com.br\/noticia\/wp-json\/wp\/v2\/media?parent=48613"}],"wp:term":[{"taxonomy":"category","embeddable":true,"href":"https:\/\/migracao.redenoticia.com.br\/noticia\/wp-json\/wp\/v2\/categories?post=48613"},{"taxonomy":"post_tag","embeddable":true,"href":"https:\/\/migracao.redenoticia.com.br\/noticia\/wp-json\/wp\/v2\/tags?post=48613"}],"curies":[{"name":"wp","href":"https:\/\/api.w.org\/{rel}","templated":true}]}}