{"id":4863,"date":"2009-07-08T15:07:33","date_gmt":"2009-07-08T19:07:33","guid":{"rendered":"http:\/\/www.redenoticia.com.br\/noticia\/?p=4863"},"modified":"2009-07-08T16:34:08","modified_gmt":"2009-07-08T20:34:08","slug":"kart-indoor-na-30%c2%b0-expojipa","status":"publish","type":"post","link":"https:\/\/migracao.redenoticia.com.br\/noticia\/2009\/kart-indoor-na-30%c2%b0-expojipa\/4863","title":{"rendered":"Kart indoor na 30\u00b0 EXPOJIPA"},"content":{"rendered":"<p style=\"margin: 0cm; margin-bottom: .0001pt;\"><span style=\"font-family: &quot;Arial&quot;,&quot;sans-serif&quot;; color: black;\"> <\/span><\/p>\n<figure id=\"attachment_4864\" aria-describedby=\"caption-attachment-4864\" style=\"width: 150px\" class=\"wp-caption alignleft\"><a href=\"https:\/\/migracao.redenoticia.com.br\/noticia\/imagens\/\/kart.jpg\"><img loading=\"lazy\" decoding=\"async\" class=\"alignleft size-full wp-image-4934\" title=\"kart\" src=\"https:\/\/migracao.redenoticia.com.br\/noticia\/imagens\/\/kart.jpg\" alt=\"kart\" width=\"150\" height=\"113\" \/><\/a><figcaption id=\"caption-attachment-4864\" class=\"wp-caption-text\">Kart indoor anima a juventude na 30\u00b0 EXPOJIPA<\/figcaption><\/figure>\n<p>Quem j\u00e1 compareceu na 30\u00ba Expojipa n\u00e3o p\u00f4de deixar de notar que este ano a festa conta com uma novidade, o Kart Indoor. H\u00e1 dois anos que o Kart Indoor esta presente em Ji-Paran\u00e1, localizado no estacionamento do Circuito.Com. Pelo fato de ser o \u00fanico esporte amador motorizado do estado liberado para menores, atrai pessoas de todas as idades.<\/p>\n<p style=\"margin: 0cm; margin-bottom: .0001pt;\"><span style=\"font-family: &quot;Arial&quot;,&quot;sans-serif&quot;; color: black;\"> <\/span><\/p>\n<p style=\"margin: 0cm; margin-bottom: .0001pt;\"><span style=\"font-family: &quot;Arial&quot;,&quot;sans-serif&quot;; color: black;\">A iniciativa de levar o Kart Indoor para a Expojipa deu-se com a id\u00e9ia de proporcionar algo diferente \u00e0s pessoas. \u201c\u00c9 uma novidade, voc\u00ea monta no carrinho, voc\u00ea pilota e \u00e9 diferente dos brinquedos do parque de divers\u00f5es\u201d explica Val, propriet\u00e1rio do Kart Indoor no estado, \u201cAs pessoas est\u00e3o comparecendo e adorando essa estr\u00e9ia do Kart na Expojipa\u201d frisou. A Idade m\u00ednima para andar de Kart \u00e9 a partir dos 7 anos.<\/span><\/p>\n<p style=\"margin: 0cm; margin-bottom: .0001pt;\">\n<p style=\"margin: 0cm; margin-bottom: .0001pt;\"><span style=\"font-family: &quot;Arial&quot;,&quot;sans-serif&quot;; color: black;\"><br \/>\n<\/span><\/p>\n<p style=\"margin: 0cm; margin-bottom: .0001pt;\"><span style=\"font-family: &quot;Arial&quot;,&quot;sans-serif&quot;; color: black;\"> <\/span><\/p>\n<p style=\"margin: 0cm; margin-bottom: .0001pt;\"><span style=\"font-family: &quot;Arial&quot;,&quot;sans-serif&quot;; color: black;\"> Andressa Damiana<\/span><\/p>\n<p><span style=\"font-family: Arial;\">Aluna Rep\u00f3rter<\/span><\/p>\n","protected":false},"excerpt":{"rendered":"<p>Quem j\u00e1 compareceu na 30\u00ba Expojipa n\u00e3o p\u00f4de deixar de notar que este ano a festa conta com uma novidade, o Kart Indoor. H\u00e1 dois anos que o Kart Indoor esta presente em Ji-Paran\u00e1, localizado no estacionamento do Circuito.Com. Pelo fato de ser o \u00fanico esporte amador motorizado do estado liberado para menores, atrai pessoas [&hellip;]<\/p>\n","protected":false},"author":2,"featured_media":0,"comment_status":"open","ping_status":"open","sticky":false,"template":"","format":"standard","meta":{"tdm_status":"","tdm_grid_status":"","footnotes":""},"categories":[22],"tags":[],"class_list":{"0":"post-4863","1":"post","2":"type-post","3":"status-publish","4":"format-standard","6":"category-brasil"},"_links":{"self":[{"href":"https:\/\/migracao.redenoticia.com.br\/noticia\/wp-json\/wp\/v2\/posts\/4863","targetHints":{"allow":["GET"]}}],"collection":[{"href":"https:\/\/migracao.redenoticia.com.br\/noticia\/wp-json\/wp\/v2\/posts"}],"about":[{"href":"https:\/\/migracao.redenoticia.com.br\/noticia\/wp-json\/wp\/v2\/types\/post"}],"author":[{"embeddable":true,"href":"https:\/\/migracao.redenoticia.com.br\/noticia\/wp-json\/wp\/v2\/users\/2"}],"replies":[{"embeddable":true,"href":"https:\/\/migracao.redenoticia.com.br\/noticia\/wp-json\/wp\/v2\/comments?post=4863"}],"version-history":[{"count":0,"href":"https:\/\/migracao.redenoticia.com.br\/noticia\/wp-json\/wp\/v2\/posts\/4863\/revisions"}],"wp:attachment":[{"href":"https:\/\/migracao.redenoticia.com.br\/noticia\/wp-json\/wp\/v2\/media?parent=4863"}],"wp:term":[{"taxonomy":"category","embeddable":true,"href":"https:\/\/migracao.redenoticia.com.br\/noticia\/wp-json\/wp\/v2\/categories?post=4863"},{"taxonomy":"post_tag","embeddable":true,"href":"https:\/\/migracao.redenoticia.com.br\/noticia\/wp-json\/wp\/v2\/tags?post=4863"}],"curies":[{"name":"wp","href":"https:\/\/api.w.org\/{rel}","templated":true}]}}