{"id":4869,"date":"2009-07-08T15:34:56","date_gmt":"2009-07-08T19:34:56","guid":{"rendered":"http:\/\/www.redenoticia.com.br\/noticia\/?p=4869"},"modified":"2009-07-08T15:34:56","modified_gmt":"2009-07-08T19:34:56","slug":"a-fazenda-garante-a-vice-lideranca-mas-dado-dolabella-e-luciele-perdem-prova-importante","status":"publish","type":"post","link":"https:\/\/migracao.redenoticia.com.br\/noticia\/2009\/a-fazenda-garante-a-vice-lideranca-mas-dado-dolabella-e-luciele-perdem-prova-importante\/4869","title":{"rendered":"A Fazenda garante a vice-lideran\u00e7a mas Dado Dolabella e Luciele perdem prova importante"},"content":{"rendered":"<p><span style=\"font-size: 11pt; font-family: Arial;\">O reality show rural consolidou o segundo lugar isolado no ranking das audi\u00eancias nesta segunda-feira, dia 6. O programa ficou com 14 pontos de m\u00e9dia, pico de 19 e share de 21%, na faixa das 21h39 \u00e0s 22h21. A Fazenda vai ao ar diariamente, \u00e0s 21h30 com apresenta\u00e7\u00e3o de Britto Jr. e dire\u00e7\u00e3o geral de Rodrigo Carelli.<\/span><\/p>\n<p><span style=\"font-size: 11pt; font-family: Arial;\">Prova surpresa<\/span><\/p>\n<p><span style=\"font-size: 11pt; font-family: Arial;\">Os participantes tiveram uma prova surpresa ontem \u00e0 tarde que serviu de classifica\u00e7\u00e3o para uma pr\u00f3xima atividade que ser\u00e1 realizada hoje (08). Os pe\u00f5es disputaram uma corrida, da \u00e1rea dos piquetes at\u00e9 a baia dos cavalos. Os roceiros tinham que passar a linha de chegada, tocar o sino e sentar no assento de feno numerado. As mulheres, menos a Fazendeira, disputaram primeiro. Luciele di Camargo chegou por \u00faltimo e foi a \u00fanica desclassificada. Dos homens quem chegou por \u00faltimo e ficou de fora foi Dado Dolabella. Os pe\u00f5es est\u00e3o preocupados, pensando que a atividade pode ser relacionada \u00e0 Ro\u00e7a, mas v\u00e3o ter que esperar mais instru\u00e7\u00f5es da produ\u00e7\u00e3o.<\/span><\/p>\n<p><span style=\"font-size: 11pt; font-family: Arial;\">Dado Dolabella foi o \u00faltimo a chegar e depois reclamou dizendo para todos: &#8220;Eu estava sem t\u00eanis e n\u00e3o sabia onde era a chegada, nem que tinha que tocar o sino&#8221;. A fazendeira da semana Dani Souza retrucou: &#8220;Voc\u00ea chegou atrasado. Eu te avisei tanto do sino quanto da linha da chegada&#8221;. O ator respondeu: &#8220;T\u00e1 tudo certo, eu perdi, s\u00f3 estava esclarecendo&#8221;. <\/span><\/p>\n<p><span style=\"font-size: 11pt; font-family: Arial;\">Os dados de audi\u00eancia referem-se ao <strong><span style=\"font-family: Arial;\">Ibope MW GSP dados domiciliares<\/span><\/strong> (<em><span style=\"font-family: Arial;\">Os \u00edndices apresentados s\u00e3o n\u00fameros consolidados, destacando o patamar de audi\u00eancia sem casa decimal<\/span><\/em>).<\/span><\/p>\n","protected":false},"excerpt":{"rendered":"<p>O reality show rural consolidou o segundo lugar isolado no ranking das audi\u00eancias nesta segunda-feira, dia 6. O programa ficou com 14 pontos de m\u00e9dia, pico de 19 e share de 21%, na faixa das 21h39 \u00e0s 22h21. A Fazenda vai ao ar diariamente, \u00e0s 21h30 com apresenta\u00e7\u00e3o de Britto Jr. e dire\u00e7\u00e3o geral de [&hellip;]<\/p>\n","protected":false},"author":3,"featured_media":0,"comment_status":"open","ping_status":"open","sticky":false,"template":"","format":"standard","meta":{"tdm_status":"","tdm_grid_status":"","footnotes":""},"categories":[22],"tags":[],"class_list":{"0":"post-4869","1":"post","2":"type-post","3":"status-publish","4":"format-standard","6":"category-brasil"},"_links":{"self":[{"href":"https:\/\/migracao.redenoticia.com.br\/noticia\/wp-json\/wp\/v2\/posts\/4869","targetHints":{"allow":["GET"]}}],"collection":[{"href":"https:\/\/migracao.redenoticia.com.br\/noticia\/wp-json\/wp\/v2\/posts"}],"about":[{"href":"https:\/\/migracao.redenoticia.com.br\/noticia\/wp-json\/wp\/v2\/types\/post"}],"author":[{"embeddable":true,"href":"https:\/\/migracao.redenoticia.com.br\/noticia\/wp-json\/wp\/v2\/users\/3"}],"replies":[{"embeddable":true,"href":"https:\/\/migracao.redenoticia.com.br\/noticia\/wp-json\/wp\/v2\/comments?post=4869"}],"version-history":[{"count":0,"href":"https:\/\/migracao.redenoticia.com.br\/noticia\/wp-json\/wp\/v2\/posts\/4869\/revisions"}],"wp:attachment":[{"href":"https:\/\/migracao.redenoticia.com.br\/noticia\/wp-json\/wp\/v2\/media?parent=4869"}],"wp:term":[{"taxonomy":"category","embeddable":true,"href":"https:\/\/migracao.redenoticia.com.br\/noticia\/wp-json\/wp\/v2\/categories?post=4869"},{"taxonomy":"post_tag","embeddable":true,"href":"https:\/\/migracao.redenoticia.com.br\/noticia\/wp-json\/wp\/v2\/tags?post=4869"}],"curies":[{"name":"wp","href":"https:\/\/api.w.org\/{rel}","templated":true}]}}