{"id":48738,"date":"2013-10-18T11:00:39","date_gmt":"2013-10-18T14:00:39","guid":{"rendered":"http:\/\/www.redenoticia.com.br\/noticia\/?p=48738"},"modified":"2013-10-18T11:00:39","modified_gmt":"2013-10-18T14:00:39","slug":"previa-da-inflacao-oficial-registra-taxa-de-048-em-outubro","status":"publish","type":"post","link":"https:\/\/migracao.redenoticia.com.br\/noticia\/2013\/previa-da-inflacao-oficial-registra-taxa-de-048-em-outubro\/48738","title":{"rendered":"Pr\u00e9via da infla\u00e7\u00e3o oficial registra taxa de 0,48% em outubro"},"content":{"rendered":"<p>Rio de Janeiro &#8211; O \u00cdndice Nacional de Pre\u00e7os ao Consumidor Amplo &#8211; 15 (IPCA-15), pr\u00e9via da <em><strong>infla\u00e7\u00e3o<\/strong><\/em> oficial, registrou taxa de 0,48% em outubro. A alta de pre\u00e7os \u00e9 superior \u00e0 observada na pr\u00e9via de setembro, que havia sido 0,27%, segundo dados divulgados hoje (18) pelo Instituto Brasileiro de Geografia e Estat\u00edstica (IBGE).<\/p>\n<p>O principal impacto veio dos alimentos e bebidas, cuja infla\u00e7\u00e3o subiu de 0,04% na pr\u00e9via de setembro para 0,7% em outubro. Os itens que mais contribu\u00edram para essa alta foram as carnes (com infla\u00e7\u00e3o de 2,36% em outubro), o frango (4,87%), as frutas (3,32%) e o p\u00e3o franc\u00eas (2,62%).<\/p>\n<p>Tamb\u00e9m influenciaram a infla\u00e7\u00e3o o grupo de despesas habita\u00e7\u00e3o, com alta de pre\u00e7os de 0,67% no m\u00eas. As demais classes de despesa registraram as seguintes taxas: artigos de resid\u00eancia (0,97%), vestu\u00e1rio (0,88%), despesas pessoais (0,46%), sa\u00fade e cuidados pessoais (0,35%), transportes (0,08%), educa\u00e7\u00e3o (0,06%) e comunica\u00e7\u00e3o (0,03%).<\/p>\n<p>O IPCA-15 acumula altas de 4,46% no ano e de 5,75% nos \u00faltimos 12 meses.<\/p>\n<p>Vitor Abdala<br \/>\nRep\u00f3rter da Ag\u00eancia Brasil<br \/>\nEdi\u00e7\u00e3o: Talita Cavalcante<\/p>\n<p>Ag\u00eancia Brasil<\/p>\n","protected":false},"excerpt":{"rendered":"<p>Rio de Janeiro &#8211; O \u00cdndice Nacional de Pre\u00e7os ao Consumidor Amplo &#8211; 15 (IPCA-15), pr\u00e9via da infla\u00e7\u00e3o oficial, registrou taxa de 0,48% em outubro. A alta de pre\u00e7os \u00e9 superior \u00e0 observada na pr\u00e9via de setembro, que havia sido 0,27%, segundo dados divulgados hoje (18) pelo Instituto Brasileiro de Geografia e Estat\u00edstica (IBGE). O [&hellip;]<\/p>\n","protected":false},"author":2,"featured_media":34916,"comment_status":"open","ping_status":"closed","sticky":false,"template":"","format":"standard","meta":{"tdm_status":"","tdm_grid_status":"","footnotes":""},"categories":[22,7],"tags":[],"class_list":{"0":"post-48738","1":"post","2":"type-post","3":"status-publish","4":"format-standard","5":"has-post-thumbnail","7":"category-brasil","8":"category-economia"},"_links":{"self":[{"href":"https:\/\/migracao.redenoticia.com.br\/noticia\/wp-json\/wp\/v2\/posts\/48738","targetHints":{"allow":["GET"]}}],"collection":[{"href":"https:\/\/migracao.redenoticia.com.br\/noticia\/wp-json\/wp\/v2\/posts"}],"about":[{"href":"https:\/\/migracao.redenoticia.com.br\/noticia\/wp-json\/wp\/v2\/types\/post"}],"author":[{"embeddable":true,"href":"https:\/\/migracao.redenoticia.com.br\/noticia\/wp-json\/wp\/v2\/users\/2"}],"replies":[{"embeddable":true,"href":"https:\/\/migracao.redenoticia.com.br\/noticia\/wp-json\/wp\/v2\/comments?post=48738"}],"version-history":[{"count":0,"href":"https:\/\/migracao.redenoticia.com.br\/noticia\/wp-json\/wp\/v2\/posts\/48738\/revisions"}],"wp:featuredmedia":[{"embeddable":true,"href":"https:\/\/migracao.redenoticia.com.br\/noticia\/wp-json\/wp\/v2\/media\/34916"}],"wp:attachment":[{"href":"https:\/\/migracao.redenoticia.com.br\/noticia\/wp-json\/wp\/v2\/media?parent=48738"}],"wp:term":[{"taxonomy":"category","embeddable":true,"href":"https:\/\/migracao.redenoticia.com.br\/noticia\/wp-json\/wp\/v2\/categories?post=48738"},{"taxonomy":"post_tag","embeddable":true,"href":"https:\/\/migracao.redenoticia.com.br\/noticia\/wp-json\/wp\/v2\/tags?post=48738"}],"curies":[{"name":"wp","href":"https:\/\/api.w.org\/{rel}","templated":true}]}}