{"id":48740,"date":"2013-10-18T11:05:34","date_gmt":"2013-10-18T14:05:34","guid":{"rendered":"http:\/\/www.redenoticia.com.br\/noticia\/?p=48740"},"modified":"2013-10-18T11:05:34","modified_gmt":"2013-10-18T14:05:34","slug":"igp-m-registra-inflacao-de-091-na-segunda-previa-de-outubro","status":"publish","type":"post","link":"https:\/\/migracao.redenoticia.com.br\/noticia\/2013\/igp-m-registra-inflacao-de-091-na-segunda-previa-de-outubro\/48740","title":{"rendered":"IGP-M registra infla\u00e7\u00e3o de 0,91% na segunda pr\u00e9via de outubro"},"content":{"rendered":"<p>Rio de Janeiro &#8211; A segunda pr\u00e9via de outubro do \u00cdndice Geral de Pre\u00e7os &#8211; Mercado (IGP-M), usado no <em><strong>reajuste de contratos de aluguel<\/strong><\/em>, registrou infla\u00e7\u00e3o de 0,91%. A taxa \u00e9 inferior \u00e0 observada na segunda pr\u00e9via de setembro, que havia sido 1,36%. A queda foi puxada pelos pre\u00e7os no atacado, que tiveram infla\u00e7\u00e3o de 1,2% em outubro ante uma taxa de 1,93% em setembro, segundo a Funda\u00e7\u00e3o Getulio Vargas (FGV).<\/p>\n<p>A infla\u00e7\u00e3o dos pre\u00e7os no varejo, medida pelo \u00cdndice de Pre\u00e7os ao Consumidor, subiu de 0,23% na pr\u00e9via de setembro para 0,36% em outubro. A alta foi influenciada pelos alimentos, que passaram de uma infla\u00e7\u00e3o de 0,17% na pr\u00e9via de setembro para uma taxa de 0,38% em outubro.<\/p>\n<p>O sub\u00edndice de Custo da Constru\u00e7\u00e3o passou de uma taxa de 0,3% em setembro para 0,31% em outubro. O IGP-M acumula altas de 4,63% no ano e 5,32% em 12 meses.<\/p>\n<p>Vitor Abdala<br \/>\nRep\u00f3rter da Ag\u00eancia Brasil<br \/>\nEdi\u00e7\u00e3o: Talita Cavalcante<\/p>\n<p>Wiki &#8211; \u00cdndice Geral de Pre\u00e7os do Mercado foi criado por solicita\u00e7\u00e3o de entidades do setor financeiro que, diante das mudan\u00e7as frequentes promovidas pelo governo nos \u00edndices oficiais de infla\u00e7\u00e3o na d\u00e9cada de 80, desejavam um \u00edndice com mais credibilidade e independ\u00eancia. O contrato de presta\u00e7\u00e3o de servi\u00e7os entre essas entidades e a FGV foi celebrado em maio de 1989.<br \/>\nO IGP-M\/FGV analisa as mesmas varia\u00e7\u00f5es de pre\u00e7os consideradas no IGP-DI\/FGV, ou seja, o \u00cdndice de Pre\u00e7os por Atacado (IPA), que tem peso de 60% do \u00edndice, o \u00cdndice de Pre\u00e7os ao Consumidor (IPC), que tem peso de 30% e o \u00cdndice Nacional de Custo de Constru\u00e7\u00e3o (INCC), representando 10% do IGP-M.<\/p>\n","protected":false},"excerpt":{"rendered":"<p>Rio de Janeiro &#8211; A segunda pr\u00e9via de outubro do \u00cdndice Geral de Pre\u00e7os &#8211; Mercado (IGP-M), usado no reajuste de contratos de aluguel, registrou infla\u00e7\u00e3o de 0,91%. A taxa \u00e9 inferior \u00e0 observada na segunda pr\u00e9via de setembro, que havia sido 1,36%. A queda foi puxada pelos pre\u00e7os no atacado, que tiveram infla\u00e7\u00e3o de [&hellip;]<\/p>\n","protected":false},"author":2,"featured_media":34681,"comment_status":"open","ping_status":"closed","sticky":false,"template":"","format":"standard","meta":{"tdm_status":"","tdm_grid_status":"","footnotes":""},"categories":[22,7],"tags":[],"class_list":{"0":"post-48740","1":"post","2":"type-post","3":"status-publish","4":"format-standard","5":"has-post-thumbnail","7":"category-brasil","8":"category-economia"},"_links":{"self":[{"href":"https:\/\/migracao.redenoticia.com.br\/noticia\/wp-json\/wp\/v2\/posts\/48740","targetHints":{"allow":["GET"]}}],"collection":[{"href":"https:\/\/migracao.redenoticia.com.br\/noticia\/wp-json\/wp\/v2\/posts"}],"about":[{"href":"https:\/\/migracao.redenoticia.com.br\/noticia\/wp-json\/wp\/v2\/types\/post"}],"author":[{"embeddable":true,"href":"https:\/\/migracao.redenoticia.com.br\/noticia\/wp-json\/wp\/v2\/users\/2"}],"replies":[{"embeddable":true,"href":"https:\/\/migracao.redenoticia.com.br\/noticia\/wp-json\/wp\/v2\/comments?post=48740"}],"version-history":[{"count":0,"href":"https:\/\/migracao.redenoticia.com.br\/noticia\/wp-json\/wp\/v2\/posts\/48740\/revisions"}],"wp:featuredmedia":[{"embeddable":true,"href":"https:\/\/migracao.redenoticia.com.br\/noticia\/wp-json\/wp\/v2\/media\/34681"}],"wp:attachment":[{"href":"https:\/\/migracao.redenoticia.com.br\/noticia\/wp-json\/wp\/v2\/media?parent=48740"}],"wp:term":[{"taxonomy":"category","embeddable":true,"href":"https:\/\/migracao.redenoticia.com.br\/noticia\/wp-json\/wp\/v2\/categories?post=48740"},{"taxonomy":"post_tag","embeddable":true,"href":"https:\/\/migracao.redenoticia.com.br\/noticia\/wp-json\/wp\/v2\/tags?post=48740"}],"curies":[{"name":"wp","href":"https:\/\/api.w.org\/{rel}","templated":true}]}}