{"id":48742,"date":"2013-10-18T11:07:30","date_gmt":"2013-10-18T14:07:30","guid":{"rendered":"http:\/\/www.redenoticia.com.br\/noticia\/?p=48742"},"modified":"2013-10-18T11:07:30","modified_gmt":"2013-10-18T14:07:30","slug":"senado-aprova-resolucao-sobre-projetos-que-tratam-do-perdao-de-dividas-de-paises","status":"publish","type":"post","link":"https:\/\/migracao.redenoticia.com.br\/noticia\/2013\/senado-aprova-resolucao-sobre-projetos-que-tratam-do-perdao-de-dividas-de-paises\/48742","title":{"rendered":"Senado aprova resolu\u00e7\u00e3o sobre projetos que tratam do perd\u00e3o de d\u00edvidas de pa\u00edses"},"content":{"rendered":"<p>Bras\u00edlia &#8211; O plen\u00e1rio do Senado aprovou projeto de resolu\u00e7\u00e3o que determina que mat\u00e9rias que tratem de <em><strong>perd\u00e3o de d\u00edvidas<\/strong> <\/em>das quais o Brasil \u00e9 credor devem ser analisados tamb\u00e9m pela Comiss\u00e3o de Rela\u00e7\u00f5es Exteriores (CRE) da Casa. Atualmente, esse tipo de mat\u00e9ria passa apenas pela Comiss\u00e3o de Assuntos Econ\u00f4micos (CAE).<\/p>\n<p>O autor da resolu\u00e7\u00e3o, senador Ricardo Ferra\u00e7o (PMDB-ES), alega que, apesar de a CAE ser o foro apropriado para discutir o impacto financeiro, esse tipo de medida tamb\u00e9m deve ser analisada sob a \u00f3tica da pol\u00edtica externa e, portanto, pela CRE.<\/p>\n<p>\u201cTrata-se n\u00e3o apenas de uma opera\u00e7\u00e3o financeira, mas, sobretudo, de um tema de pol\u00edtica internacional do pa\u00eds. Nesse sentido, \u00e9, certamente, fundamental que esse tipo de mat\u00e9ria seja tamb\u00e9m examinada pela comiss\u00e3o competente para a an\u00e1lise desse tema: a de Rela\u00e7\u00f5es Exteriores e Defesa Nacional\u201d, disse Ferra\u00e7o na justificativa de seu projeto.<\/p>\n<p>Em maio um projeto que perdoou d\u00edvidas de pa\u00edses africanos gerou pol\u00eamica e protestos por parte de senadores oposicionistas. A mat\u00e9ria tinha sido proposta pelo governo, que argumentou, \u00e0 \u00e9poca, que as d\u00edvidas impediam a atua\u00e7\u00e3o de empresas brasileiras naqueles pa\u00edses e o perd\u00e3o se traduziria em amplia\u00e7\u00e3o dos neg\u00f3cios.<\/p>\n<p>Como se trata de resolu\u00e7\u00e3o do Senado e altera\u00e7\u00e3o apenas do Regimento Interno da Casa, a mat\u00e9ria n\u00e3o precisa seguir para an\u00e1lise da C\u00e2mara dos Deputados, nem para san\u00e7\u00e3o presidencial. O texto segue, ent\u00e3o, para promulga\u00e7\u00e3o.<\/p>\n<p>Mariana Jungmann<br \/>\nRep\u00f3rter da Ag\u00eancia Brasil<\/p>\n<p>Edi\u00e7\u00e3o: A\u00e9cio Amado<\/p>\n","protected":false},"excerpt":{"rendered":"<p>Bras\u00edlia &#8211; O plen\u00e1rio do Senado aprovou projeto de resolu\u00e7\u00e3o que determina que mat\u00e9rias que tratem de perd\u00e3o de d\u00edvidas das quais o Brasil \u00e9 credor devem ser analisados tamb\u00e9m pela Comiss\u00e3o de Rela\u00e7\u00f5es Exteriores (CRE) da Casa. Atualmente, esse tipo de mat\u00e9ria passa apenas pela Comiss\u00e3o de Assuntos Econ\u00f4micos (CAE). O autor da resolu\u00e7\u00e3o, [&hellip;]<\/p>\n","protected":false},"author":2,"featured_media":40734,"comment_status":"open","ping_status":"closed","sticky":false,"template":"","format":"standard","meta":{"tdm_status":"","tdm_grid_status":"","footnotes":""},"categories":[22,7],"tags":[],"class_list":{"0":"post-48742","1":"post","2":"type-post","3":"status-publish","4":"format-standard","5":"has-post-thumbnail","7":"category-brasil","8":"category-economia"},"_links":{"self":[{"href":"https:\/\/migracao.redenoticia.com.br\/noticia\/wp-json\/wp\/v2\/posts\/48742","targetHints":{"allow":["GET"]}}],"collection":[{"href":"https:\/\/migracao.redenoticia.com.br\/noticia\/wp-json\/wp\/v2\/posts"}],"about":[{"href":"https:\/\/migracao.redenoticia.com.br\/noticia\/wp-json\/wp\/v2\/types\/post"}],"author":[{"embeddable":true,"href":"https:\/\/migracao.redenoticia.com.br\/noticia\/wp-json\/wp\/v2\/users\/2"}],"replies":[{"embeddable":true,"href":"https:\/\/migracao.redenoticia.com.br\/noticia\/wp-json\/wp\/v2\/comments?post=48742"}],"version-history":[{"count":0,"href":"https:\/\/migracao.redenoticia.com.br\/noticia\/wp-json\/wp\/v2\/posts\/48742\/revisions"}],"wp:featuredmedia":[{"embeddable":true,"href":"https:\/\/migracao.redenoticia.com.br\/noticia\/wp-json\/wp\/v2\/media\/40734"}],"wp:attachment":[{"href":"https:\/\/migracao.redenoticia.com.br\/noticia\/wp-json\/wp\/v2\/media?parent=48742"}],"wp:term":[{"taxonomy":"category","embeddable":true,"href":"https:\/\/migracao.redenoticia.com.br\/noticia\/wp-json\/wp\/v2\/categories?post=48742"},{"taxonomy":"post_tag","embeddable":true,"href":"https:\/\/migracao.redenoticia.com.br\/noticia\/wp-json\/wp\/v2\/tags?post=48742"}],"curies":[{"name":"wp","href":"https:\/\/api.w.org\/{rel}","templated":true}]}}