{"id":4884,"date":"2009-07-08T15:46:48","date_gmt":"2009-07-08T19:46:48","guid":{"rendered":"http:\/\/www.redenoticia.com.br\/noticia\/?p=4884"},"modified":"2009-07-08T15:46:48","modified_gmt":"2009-07-08T19:46:48","slug":"0807-confirmados-72-novos-casos-de-influenza-a-h1n1","status":"publish","type":"post","link":"https:\/\/migracao.redenoticia.com.br\/noticia\/2009\/0807-confirmados-72-novos-casos-de-influenza-a-h1n1\/4884","title":{"rendered":"08\/07 &#8211; Confirmados 72 novos casos de Influenza A (H1N1)"},"content":{"rendered":"<p>1.1 \u2013\u00a0O Minist\u00e9rio da Sa\u00fade informa que foram confirmados\u00a0<strong>72 NOVOS CASOS<\/strong> de infec\u00e7\u00e3o pelo v\u00edrus Influenza A (H1N1), nos estados de S\u00e3o Paulo (42), Rio de Janeiro (11), Rio Grande do Sul (7), Bahia (3), Maranh\u00e3o (2), Pernambuco (2), Acre (1), Cear\u00e1 (1), Paran\u00e1 (1), Para\u00edba (1) e Rio Grande do Norte (1).<\/p>\n<p>1.2 \u2013 Com os novos casos, o Minist\u00e9rio da Sa\u00fade registra um total de\u00a0<strong>977 CASOS CONFIRMADOS<\/strong> da doen\u00e7a. Vale lembrar que esses casos s\u00e3o o resultado acumulado desde os primeiros registros de infec\u00e7\u00e3o no Brasil, no dia 8 de maio.\u00a0<strong>A quase totalidade desses pacientes j\u00e1 recebeu alta ou est\u00e1 em processo de recupera\u00e7\u00e3o.<\/strong><\/p>\n<p><strong> <\/strong><\/p>\n<p>1.3 \u2013\u00a0Os n\u00fameros referem-se a informa\u00e7\u00f5es repassadas pelas Secretarias de Sa\u00fade dos Estados, Munic\u00edpios e do Distrito Federal at\u00e9 as 13h desta quarta-feira. Todos os casos identificados ap\u00f3s esse hor\u00e1rio ser\u00e3o contabilizados no pr\u00f3ximo documento.<\/p>\n<p>1.4 \u2013<strong> IMPORTANTE:<\/strong><\/p>\n<p><strong> <\/strong><\/p>\n<ul>\n<li>A      pr\u00f3xima atualiza\u00e7\u00e3o dos casos confirmados no Brasil\u00a0<strong>ocorrer\u00e1 na      sexta-feira<\/strong> (10\/7), tendo como base as informa\u00e7\u00f5es do Sistema de      Informa\u00e7\u00f5es de Agravos de Notifica\u00e7\u00e3o (SINAN), registradas pelas      Secretarias de Sa\u00fade dos Estados, Munic\u00edpios e do Distrito Federal.<\/li>\n<\/ul>\n<ul>\n<li><strong>A      partir da pr\u00f3xima semana, este boletim ser\u00e1 publicado semanalmente, \u00e0s      quartas-feiras<\/strong>,      com a an\u00e1lise do perfil epidemiol\u00f3gico dos casos registrados. O objetivo      da mudan\u00e7a \u00e9 adequar o processo de monitoramento ao novo protocolo      divulgado pelo Minist\u00e9rio da Sa\u00fade.<\/li>\n<\/ul>\n<p>1.5 \u2013 O Minist\u00e9rio da Sa\u00fade acompanha\u00a0<strong>2.973 CASOS SUSPEITOS<\/strong> no pa\u00eds. As amostras com secre\u00e7\u00f5es respirat\u00f3rias dos pacientes est\u00e3o em an\u00e1lise laboratorial. Outros\u00a0<strong>1.538 CASOS foram DESCARTADOS<\/strong>.<\/p>\n","protected":false},"excerpt":{"rendered":"<p>1.1 \u2013\u00a0O Minist\u00e9rio da Sa\u00fade informa que foram confirmados\u00a072 NOVOS CASOS de infec\u00e7\u00e3o pelo v\u00edrus Influenza A (H1N1), nos estados de S\u00e3o Paulo (42), Rio de Janeiro (11), Rio Grande do Sul (7), Bahia (3), Maranh\u00e3o (2), Pernambuco (2), Acre (1), Cear\u00e1 (1), Paran\u00e1 (1), Para\u00edba (1) e Rio Grande do Norte (1). 1.2 \u2013 [&hellip;]<\/p>\n","protected":false},"author":2,"featured_media":0,"comment_status":"open","ping_status":"open","sticky":false,"template":"","format":"standard","meta":{"tdm_status":"","tdm_grid_status":"","footnotes":""},"categories":[22,5],"tags":[],"class_list":{"0":"post-4884","1":"post","2":"type-post","3":"status-publish","4":"format-standard","6":"category-brasil","7":"category-saude-e-vida"},"_links":{"self":[{"href":"https:\/\/migracao.redenoticia.com.br\/noticia\/wp-json\/wp\/v2\/posts\/4884","targetHints":{"allow":["GET"]}}],"collection":[{"href":"https:\/\/migracao.redenoticia.com.br\/noticia\/wp-json\/wp\/v2\/posts"}],"about":[{"href":"https:\/\/migracao.redenoticia.com.br\/noticia\/wp-json\/wp\/v2\/types\/post"}],"author":[{"embeddable":true,"href":"https:\/\/migracao.redenoticia.com.br\/noticia\/wp-json\/wp\/v2\/users\/2"}],"replies":[{"embeddable":true,"href":"https:\/\/migracao.redenoticia.com.br\/noticia\/wp-json\/wp\/v2\/comments?post=4884"}],"version-history":[{"count":0,"href":"https:\/\/migracao.redenoticia.com.br\/noticia\/wp-json\/wp\/v2\/posts\/4884\/revisions"}],"wp:attachment":[{"href":"https:\/\/migracao.redenoticia.com.br\/noticia\/wp-json\/wp\/v2\/media?parent=4884"}],"wp:term":[{"taxonomy":"category","embeddable":true,"href":"https:\/\/migracao.redenoticia.com.br\/noticia\/wp-json\/wp\/v2\/categories?post=4884"},{"taxonomy":"post_tag","embeddable":true,"href":"https:\/\/migracao.redenoticia.com.br\/noticia\/wp-json\/wp\/v2\/tags?post=4884"}],"curies":[{"name":"wp","href":"https:\/\/api.w.org\/{rel}","templated":true}]}}