{"id":4887,"date":"2009-07-08T15:52:01","date_gmt":"2009-07-08T19:52:01","guid":{"rendered":"http:\/\/www.redenoticia.com.br\/noticia\/?p=4887"},"modified":"2009-07-08T15:52:01","modified_gmt":"2009-07-08T19:52:01","slug":"mano-menezes-do-corinthians-no-roda-viva-da-tv-cultura","status":"publish","type":"post","link":"https:\/\/migracao.redenoticia.com.br\/noticia\/2009\/mano-menezes-do-corinthians-no-roda-viva-da-tv-cultura\/4887","title":{"rendered":"Mano Menezes do Corinthians no Roda Viva da Tv Cultura"},"content":{"rendered":"<p>Entrevista com t\u00e9cnico do Corinthians ser\u00e1 transmitida pela web, ao vivo, a partir das 18h30. O t\u00e9cnico do Corinthians, Mano Menezes, estar\u00e1 no centro do Roda Viva nesta segunda-feira (13\/7). Com apresenta\u00e7\u00e3o de Her\u00f3doto Barbeiro, a entrevista ser\u00e1 transmitida ao vivo pela IPTVCultura &#8211; www.iptvcultura.com.br -, canal exclusivo da Cultura para exibi\u00e7\u00e3o na web, a partir das 18h30, e exibida pela TV Cultura, \u00e0s 22h10, sem qualquer corte ou edi\u00e7\u00e3o.<\/p>\n<p>No programa, Mano Menezes deve falar sobre as recentes conquistas do Corinthians sob o seu comando: o Campeonato Paulista, no qual o time chegou invicto \u00e0 final e a Copa do Brasil, ambos em 2009. Bem como sobre a Libertadores 2010, do qual o Corinthians foi o primeiro a garantir uma vaga.<\/p>\n<p>Luiz Ant\u00f4nio Venker Menezes, o Mano Menezes, nasceu no dia 11 de junho de 1962, em Passo do Sobrado (RS). Formado em Educa\u00e7\u00e3o F\u00edsica, Menezes come\u00e7ou sua vida no futebol como jogador e assumiu a posi\u00e7\u00e3o de t\u00e9cnico em 1992, nas categorias de base de times ga\u00fachos.<\/p>\n<p>Esteve a frente de times como o Guarani de Ven\u00e2ncio Aires, XV de Novembro, Caxias e Gr\u00eamio. E, ap\u00f3s uma trajet\u00f3ria de sucesso pelos clubes ga\u00fachos aceitou um novo desafio na carreira: levar o Corinthians de volta para a elite do futebol brasileiro. O resultado foi o esperado e a equipe tornou-se campe\u00e3 da S\u00e9rie B do Campeonato Brasileiro de 2008, garantindo o seu retorno \u00e0 Primeira Divis\u00e3o.<\/p>\n<p>A bancada de entrevistadores ser\u00e1 formada por Antero Greco (editor de esportes do jornal O Estado de S. Paulo e comentarista da ESPN Brasil); Vladir Lemos (apresentador e editor-chefe do programa Cart\u00e3o Verde, da TV Cultura); Dan Stulbach (ator); e Andrea Pasquini (diretora do filme Fiel).<\/p>\n","protected":false},"excerpt":{"rendered":"<p>Entrevista com t\u00e9cnico do Corinthians ser\u00e1 transmitida pela web, ao vivo, a partir das 18h30. O t\u00e9cnico do Corinthians, Mano Menezes, estar\u00e1 no centro do Roda Viva nesta segunda-feira (13\/7). Com apresenta\u00e7\u00e3o de Her\u00f3doto Barbeiro, a entrevista ser\u00e1 transmitida ao vivo pela IPTVCultura &#8211; www.iptvcultura.com.br -, canal exclusivo da Cultura para exibi\u00e7\u00e3o na web, a [&hellip;]<\/p>\n","protected":false},"author":3,"featured_media":0,"comment_status":"open","ping_status":"open","sticky":false,"template":"","format":"standard","meta":{"tdm_status":"","tdm_grid_status":"","footnotes":""},"categories":[22],"tags":[],"class_list":{"0":"post-4887","1":"post","2":"type-post","3":"status-publish","4":"format-standard","6":"category-brasil"},"_links":{"self":[{"href":"https:\/\/migracao.redenoticia.com.br\/noticia\/wp-json\/wp\/v2\/posts\/4887","targetHints":{"allow":["GET"]}}],"collection":[{"href":"https:\/\/migracao.redenoticia.com.br\/noticia\/wp-json\/wp\/v2\/posts"}],"about":[{"href":"https:\/\/migracao.redenoticia.com.br\/noticia\/wp-json\/wp\/v2\/types\/post"}],"author":[{"embeddable":true,"href":"https:\/\/migracao.redenoticia.com.br\/noticia\/wp-json\/wp\/v2\/users\/3"}],"replies":[{"embeddable":true,"href":"https:\/\/migracao.redenoticia.com.br\/noticia\/wp-json\/wp\/v2\/comments?post=4887"}],"version-history":[{"count":0,"href":"https:\/\/migracao.redenoticia.com.br\/noticia\/wp-json\/wp\/v2\/posts\/4887\/revisions"}],"wp:attachment":[{"href":"https:\/\/migracao.redenoticia.com.br\/noticia\/wp-json\/wp\/v2\/media?parent=4887"}],"wp:term":[{"taxonomy":"category","embeddable":true,"href":"https:\/\/migracao.redenoticia.com.br\/noticia\/wp-json\/wp\/v2\/categories?post=4887"},{"taxonomy":"post_tag","embeddable":true,"href":"https:\/\/migracao.redenoticia.com.br\/noticia\/wp-json\/wp\/v2\/tags?post=4887"}],"curies":[{"name":"wp","href":"https:\/\/api.w.org\/{rel}","templated":true}]}}