{"id":4891,"date":"2009-07-08T15:56:51","date_gmt":"2009-07-08T19:56:51","guid":{"rendered":"http:\/\/www.redenoticia.com.br\/noticia\/?p=4891"},"modified":"2009-07-08T15:57:59","modified_gmt":"2009-07-08T19:57:59","slug":"ana-hickmann-estreia-no-%e2%80%9ctudo-e-possivel%e2%80%9d-e-recebe-ivete-sangalo","status":"publish","type":"post","link":"https:\/\/migracao.redenoticia.com.br\/noticia\/2009\/ana-hickmann-estreia-no-%e2%80%9ctudo-e-possivel%e2%80%9d-e-recebe-ivete-sangalo\/4891","title":{"rendered":"Ana Hickmann estr\u00e9ia no \u201cTudo \u00e9 Poss\u00edvel\u201d e recebe Ivete Sangalo"},"content":{"rendered":"<p><a href=\"https:\/\/migracao.redenoticia.com.br\/noticia\/imagens\/\/ana.jpg\"><img loading=\"lazy\" decoding=\"async\" class=\"alignleft size-medium wp-image-4894\" title=\"ana\" src=\"https:\/\/migracao.redenoticia.com.br\/noticia\/imagens\/\/ana-249x187.jpg\" alt=\"ana\" width=\"249\" height=\"187\" \/><\/a> O Tudo \u00e9 Poss\u00edvel se prepara para receber a apresentadora Ana Hickmann, que vai comandar a atra\u00e7\u00e3o a partir deste domingo, dia 12 de julho.  Para abrir em grande estilo, Ana Hickmann recebe o furac\u00e3o baiano Ivete Sangalo. A cantora vai sacudir a plateia com as can\u00e7\u00f5es de seu novo trabalho &#8220;Pode Entrar&#8221; e responder curiosidades de famosos sobre sua carreira e a expectativa para a chegada do beb\u00ea.<\/p>\n<p>E tem novidade no ar: a estreia do quadro Crian\u00e7a Resolve. No palco, adultos fazem perguntas para as crian\u00e7as e elas dar\u00e3o repostas com solu\u00e7\u00f5es para diversas situa\u00e7\u00f5es. A primeira edi\u00e7\u00e3o do quadro conta com a divertida participa\u00e7\u00e3o do humorista Tiririca.<\/p>\n<p>No Desafio do DJ, a equipe do Hoje em Dia formada por Chris Flores, Celso Zucatelli, Ticiane Pinheiro e Mariana Le\u00e3o enfrenta os humoristas do Show do Tom, Gluglu, Robson Bailarino, Amin Kader e Tiririca. Os dois times ter\u00e3o que adivinhar os nomes das m\u00fasicas tocadas em rota\u00e7\u00e3o alterada pelo DJ Theo Werneck.<\/p>\n<p>O ator Mario Frias, o Lino de Promessas de Amor, e sua namorada Juliana Camatti testam a sintonia do casal e enfrentam &#8220;As Outras&#8221; e &#8220;Os Ricard\u00f5es&#8221; no Jogo da Afinidade.<\/p>\n<p>Em Debaixo do Chuveiro, as crian\u00e7as mostram seu talento e a plateia decide se o show vale pr\u00eamio em dinheiro ou uma chuveirada.<\/p>\n<p>No quadro A Verdadeira Idade, mais uma participante ter\u00e1 a oportunidade de mudar o visual e promete surpreender seus familiares no palco do programa.<\/p>\n<p>Ao t\u00e9rmino do primeiro dia de grava\u00e7\u00e3o do Tudo \u00e9 Poss\u00edvel, Ana Hickmann confessou: &#8220;quando entrei no palco do programa pela primeira vez fiquei com um friozinho na barriga, mas a produ\u00e7\u00e3o, a plateia e a equipe t\u00e9cnica foram \u00f3timos e me acolheram muito bem. Pelo que pude sentir na primeira grava\u00e7\u00e3o, tenho certeza que vou me divertir muito. O Tudo \u00e9 Poss\u00edvel \u00e9 um programa de variedades, leve, divertido e feito com muito carinho pensando em toda a fam\u00edlia, que geralmente se re\u00fane em casa aos domingos&#8221;.<\/p>\n<p>Satisfeita com o resultado, Ana Hickmann acrescenta: &#8220;cada oportunidade na minha vida vem sempre acompanhada de um desafio. Comecei na Record com o Tudo a Ver, onde pude aprender muito ao lado do Paulo Henrique Amorim. Mais tarde tive a oportunidade de participar do programa Domingo Espetacular num quadro onde a cada semana vivenciava uma profiss\u00e3o diferente. H\u00e1 quatro anos fa\u00e7o parte do Hoje em Dia e agora ganho um presente da Rede Record que \u00e9 a possibilidade de apresentar um programa de audit\u00f3rio e aos domingos&#8221;.<\/p>\n<p>O Tudo \u00e9 Poss\u00edvel vai ao ar \u00e0s 14h30.<\/p>\n<p>Cr\u00e9dito para fotos: Ant\u00f4nio Chahestian \/ Divulga\u00e7\u00e3o Record<\/p>\n","protected":false},"excerpt":{"rendered":"<p>O Tudo \u00e9 Poss\u00edvel se prepara para receber a apresentadora Ana Hickmann, que vai comandar a atra\u00e7\u00e3o a partir deste domingo, dia 12 de julho. Para abrir em grande estilo, Ana Hickmann recebe o furac\u00e3o baiano Ivete Sangalo. A cantora vai sacudir a plateia com as can\u00e7\u00f5es de seu novo trabalho &#8220;Pode Entrar&#8221; e responder [&hellip;]<\/p>\n","protected":false},"author":3,"featured_media":0,"comment_status":"open","ping_status":"open","sticky":false,"template":"","format":"standard","meta":{"tdm_status":"","tdm_grid_status":"","footnotes":""},"categories":[22],"tags":[],"class_list":{"0":"post-4891","1":"post","2":"type-post","3":"status-publish","4":"format-standard","6":"category-brasil"},"_links":{"self":[{"href":"https:\/\/migracao.redenoticia.com.br\/noticia\/wp-json\/wp\/v2\/posts\/4891","targetHints":{"allow":["GET"]}}],"collection":[{"href":"https:\/\/migracao.redenoticia.com.br\/noticia\/wp-json\/wp\/v2\/posts"}],"about":[{"href":"https:\/\/migracao.redenoticia.com.br\/noticia\/wp-json\/wp\/v2\/types\/post"}],"author":[{"embeddable":true,"href":"https:\/\/migracao.redenoticia.com.br\/noticia\/wp-json\/wp\/v2\/users\/3"}],"replies":[{"embeddable":true,"href":"https:\/\/migracao.redenoticia.com.br\/noticia\/wp-json\/wp\/v2\/comments?post=4891"}],"version-history":[{"count":0,"href":"https:\/\/migracao.redenoticia.com.br\/noticia\/wp-json\/wp\/v2\/posts\/4891\/revisions"}],"wp:attachment":[{"href":"https:\/\/migracao.redenoticia.com.br\/noticia\/wp-json\/wp\/v2\/media?parent=4891"}],"wp:term":[{"taxonomy":"category","embeddable":true,"href":"https:\/\/migracao.redenoticia.com.br\/noticia\/wp-json\/wp\/v2\/categories?post=4891"},{"taxonomy":"post_tag","embeddable":true,"href":"https:\/\/migracao.redenoticia.com.br\/noticia\/wp-json\/wp\/v2\/tags?post=4891"}],"curies":[{"name":"wp","href":"https:\/\/api.w.org\/{rel}","templated":true}]}}