{"id":49,"date":"2009-03-31T12:23:00","date_gmt":"2009-03-31T15:23:00","guid":{"rendered":"http:\/\/www.redenoticia.com.br\/noticia\/?p=49"},"modified":"2009-04-10T16:58:08","modified_gmt":"2009-04-10T19:58:08","slug":"ponte-sobre-o-rio-machado","status":"publish","type":"post","link":"https:\/\/migracao.redenoticia.com.br\/noticia\/2009\/ponte-sobre-o-rio-machado\/49","title":{"rendered":"Ponte sobre o Rio Machado"},"content":{"rendered":"\n<p style=\"TEXT-ALIGN: justify\"><span style=\"FONT-SIZE: small; FONT-FAMILY: Calibri\">As obras de Duplica\u00e7\u00e3o da Ponte sobre o Rio Machado em Ji-Paran\u00e1, continuam aceleradas. Segundo o engenheiro respons\u00e1vel pela obra, Rafael Silva, ap\u00f3s a libera\u00e7\u00e3o da pista que estava interditada, os trabalhos continuam dentro da normalidade. &#8220;Estamos dando seguimento \u00e0s obras dentro do cronograma estabelecido na etapa de super estrutura. A obra agora acontece nos dois lados da ponte&#8221;, explicou Rafael.<\/span><\/p>\n<p style=\"TEXT-ALIGN: justify\"><span style=\"FONT-SIZE: small; FONT-FAMILY: Calibri\">&#8220;Al\u00e9m da continuidade dos trabalhos, esta semana estamos retomando a pavimenta\u00e7\u00e3o das marginais. J\u00e1 estamos fazendo a limpeza da marginal direita (sentido primeiro para o segundo distrito) e vamos fazer o muro em terra armada, que s\u00e3o as paredes de concreto, para dar seguimento \u00e0 duplica\u00e7\u00e3o&#8221;, afirmou o engenheiro.<\/span><\/p>\n<p style=\"TEXT-ALIGN: justify\">\n<p style=\"TEXT-ALIGN: justify\"><span style=\"FONT-SIZE: small; FONT-FAMILY: Calibri\">Fonte: Decom<\/span><\/p>\n","protected":false},"excerpt":{"rendered":"<p>As obras de Duplica\u00e7\u00e3o da Ponte sobre o Rio Machado em Ji-Paran\u00e1, continuam aceleradas. Segundo o engenheiro respons\u00e1vel pela obra, Rafael Silva, ap\u00f3s a libera\u00e7\u00e3o da pista que estava interditada, os trabalhos continuam dentro da normalidade. &#8220;Estamos dando seguimento \u00e0s obras dentro do cronograma estabelecido na etapa de super estrutura. A obra agora acontece nos [&hellip;]<\/p>\n","protected":false},"author":2,"featured_media":0,"comment_status":"open","ping_status":"open","sticky":false,"template":"","format":"standard","meta":{"tdm_status":"","tdm_grid_status":"","footnotes":""},"categories":[22],"tags":[],"class_list":{"0":"post-49","1":"post","2":"type-post","3":"status-publish","4":"format-standard","6":"category-brasil"},"_links":{"self":[{"href":"https:\/\/migracao.redenoticia.com.br\/noticia\/wp-json\/wp\/v2\/posts\/49","targetHints":{"allow":["GET"]}}],"collection":[{"href":"https:\/\/migracao.redenoticia.com.br\/noticia\/wp-json\/wp\/v2\/posts"}],"about":[{"href":"https:\/\/migracao.redenoticia.com.br\/noticia\/wp-json\/wp\/v2\/types\/post"}],"author":[{"embeddable":true,"href":"https:\/\/migracao.redenoticia.com.br\/noticia\/wp-json\/wp\/v2\/users\/2"}],"replies":[{"embeddable":true,"href":"https:\/\/migracao.redenoticia.com.br\/noticia\/wp-json\/wp\/v2\/comments?post=49"}],"version-history":[{"count":0,"href":"https:\/\/migracao.redenoticia.com.br\/noticia\/wp-json\/wp\/v2\/posts\/49\/revisions"}],"wp:attachment":[{"href":"https:\/\/migracao.redenoticia.com.br\/noticia\/wp-json\/wp\/v2\/media?parent=49"}],"wp:term":[{"taxonomy":"category","embeddable":true,"href":"https:\/\/migracao.redenoticia.com.br\/noticia\/wp-json\/wp\/v2\/categories?post=49"},{"taxonomy":"post_tag","embeddable":true,"href":"https:\/\/migracao.redenoticia.com.br\/noticia\/wp-json\/wp\/v2\/tags?post=49"}],"curies":[{"name":"wp","href":"https:\/\/api.w.org\/{rel}","templated":true}]}}