{"id":4908,"date":"2009-07-08T16:05:00","date_gmt":"2009-07-08T20:05:00","guid":{"rendered":"http:\/\/www.redenoticia.com.br\/noticia\/?p=4908"},"modified":"2009-07-27T02:10:01","modified_gmt":"2009-07-27T02:10:01","slug":"clima-tempo-informa-sobre-a-baixa-umidade-em-varias-areas-do-brasil","status":"publish","type":"post","link":"https:\/\/migracao.redenoticia.com.br\/noticia\/2009\/clima-tempo-informa-sobre-a-baixa-umidade-em-varias-areas-do-brasil\/4908","title":{"rendered":"Clima tempo informa sobre a baixa umidade em v\u00e1rias \u00e1reas do Brasil"},"content":{"rendered":"<p>Predom\u00ednio da massa de ar seco impede a forma\u00e7\u00e3o de nuvens de chuva e a dispers\u00e3o dos poluentes. Uma massa de ar seco predomina sobre a regi\u00e3o central do Brasil nesta quarta-feira, segundo a Climatempo. S\u00e3o Paulo, Mato Grosso, Goi\u00e1s, Distrito Federal, Minas Gerais, Tocantins e o interior do Par\u00e1 e da Bahia devem estar atentos \u00e0 baixa umidade do ar nesta tarde. O \u00edndice de umidade nestes estados pode ficar abaixo de 30% entre hoje e amanh\u00e3 &#8211; considerado n\u00edvel de aten\u00e7\u00e3o, segundo a Organiza\u00e7\u00e3o Mundial da Sa\u00fade (OMS).<br \/>\n\u00c9 preciso que a popula\u00e7\u00e3o evite exposi\u00e7\u00e3o excessiva ao sol e atividades ao ar livre principalmente das 12 \u00e0s 16 horas, per\u00edodo em que a umidade do ar fica mais baixa. O ideal \u00e9 se hidratar durante todo o dia.<\/p>\n<p>Por causa do risco de inc\u00eandios nesta \u00e9poca do ano, a Defesa Civil recomenda que as pessoas evitem fazer fogueiras nas proximidades de matas e florestas.<\/p>\n<p>Sobre o Grupo Climatempo<\/p>\n<p>O Grupo Climatempo \u00e9 a maior empresa privada de meteorologia do pa\u00eds. Uma holding formada pela Climatempo Consultoria, Ag\u00eancia Climatempo, a TV Climatempo e a CLIMANET (Internet, servi\u00e7os de tecnologia e inform\u00e1tica). Atualmente, o Grupo Climatempo fornece conte\u00fado para os principais portais do pa\u00eds, mais de 50 retransmissoras de televis\u00e3o do Brasil, r\u00e1dios e tem cerca de mil clientes. Os dois principais segmentos atendidos s\u00e3o o de agroneg\u00f3cios e meios de comunica\u00e7\u00e3o. Al\u00e9m destes, fornece conte\u00fado meteorol\u00f3gico estrat\u00e9gico para produtoras, a ind\u00fastria eletroeletr\u00f4nica e t\u00eaxtil, com\u00e9rcio, moda e turismo, constru\u00e7\u00e3o civil, setor de energia, entre outros setores.<\/p>\n","protected":false},"excerpt":{"rendered":"<p>Predom\u00ednio da massa de ar seco impede a forma\u00e7\u00e3o de nuvens de chuva e a dispers\u00e3o dos poluentes. Uma massa de ar seco predomina sobre a regi\u00e3o central do Brasil nesta quarta-feira, segundo a Climatempo. S\u00e3o Paulo, Mato Grosso, Goi\u00e1s, Distrito Federal, Minas Gerais, Tocantins e o interior do Par\u00e1 e da Bahia devem estar [&hellip;]<\/p>\n","protected":false},"author":3,"featured_media":0,"comment_status":"open","ping_status":"open","sticky":false,"template":"","format":"standard","meta":{"tdm_status":"","tdm_grid_status":"","footnotes":""},"categories":[22,327],"tags":[],"class_list":{"0":"post-4908","1":"post","2":"type-post","3":"status-publish","4":"format-standard","6":"category-brasil","7":"category-clima"},"_links":{"self":[{"href":"https:\/\/migracao.redenoticia.com.br\/noticia\/wp-json\/wp\/v2\/posts\/4908","targetHints":{"allow":["GET"]}}],"collection":[{"href":"https:\/\/migracao.redenoticia.com.br\/noticia\/wp-json\/wp\/v2\/posts"}],"about":[{"href":"https:\/\/migracao.redenoticia.com.br\/noticia\/wp-json\/wp\/v2\/types\/post"}],"author":[{"embeddable":true,"href":"https:\/\/migracao.redenoticia.com.br\/noticia\/wp-json\/wp\/v2\/users\/3"}],"replies":[{"embeddable":true,"href":"https:\/\/migracao.redenoticia.com.br\/noticia\/wp-json\/wp\/v2\/comments?post=4908"}],"version-history":[{"count":0,"href":"https:\/\/migracao.redenoticia.com.br\/noticia\/wp-json\/wp\/v2\/posts\/4908\/revisions"}],"wp:attachment":[{"href":"https:\/\/migracao.redenoticia.com.br\/noticia\/wp-json\/wp\/v2\/media?parent=4908"}],"wp:term":[{"taxonomy":"category","embeddable":true,"href":"https:\/\/migracao.redenoticia.com.br\/noticia\/wp-json\/wp\/v2\/categories?post=4908"},{"taxonomy":"post_tag","embeddable":true,"href":"https:\/\/migracao.redenoticia.com.br\/noticia\/wp-json\/wp\/v2\/tags?post=4908"}],"curies":[{"name":"wp","href":"https:\/\/api.w.org\/{rel}","templated":true}]}}