{"id":4911,"date":"2009-07-08T16:08:00","date_gmt":"2009-07-08T20:08:00","guid":{"rendered":"http:\/\/www.redenoticia.com.br\/noticia\/?p=4911"},"modified":"2009-07-27T02:09:59","modified_gmt":"2009-07-27T02:09:59","slug":"frente-fria-muda-o-tempo-em-sp-durante-feriado","status":"publish","type":"post","link":"https:\/\/migracao.redenoticia.com.br\/noticia\/2009\/frente-fria-muda-o-tempo-em-sp-durante-feriado\/4911","title":{"rendered":"Frente fria muda o tempo em SP durante feriado"},"content":{"rendered":"<p>Frio chega amanh\u00e3 (09) nas cidades pr\u00f3ximas ao PR e no domingo na Capital paulista. A quarta-feira segue com tempo seco e temperaturas elevadas para a \u00e9poca do ano em S\u00e3o Paulo. Na Capital, a m\u00e1xima atinge 26\u00b0C durante a tarde hoje, valor 4\u00b0C acima da m\u00e9dia climatol\u00f3gica do m\u00eas de julho. Al\u00e9m disso, os \u00edndices de umidade relativa est\u00e3o em decl\u00ednio e devem chegar em torno de 30%.<\/p>\n<p>Amanh\u00e3, justamente no dia do feriado em S\u00e3o Paulo, uma frente fria chega ao Estado e come\u00e7a a mudar tempo. Segundo os meteorologistas da Somar, apesar da mudan\u00e7a, o dia ainda ser\u00e1 bastante aproveit\u00e1vel, com sol entre nuvens pela manh\u00e3, eleva\u00e7\u00e3o da temperatura e chuvas apenas a partir da tarde na maior parte do Estado. Apenas nas \u00e1reas mais pr\u00f3ximas da divisa com o Estado do Paran\u00e1 \u00e9 que as chuvas vir\u00e3o ainda pela manh\u00e3 e a temperatura m\u00e1xima ser\u00e1 mais baixa (sensa\u00e7\u00e3o de frio).<\/p>\n<p>Os modelos de previs\u00e3o tamb\u00e9m n\u00e3o indicam uma sexta-feira totalmente perdida para aqueles que ir\u00e3o emendar o feriado e o dia ser\u00e1 parcialmente aproveit\u00e1vel na maior parte do Estado. De acordo com o meteorologista Celso Oliveira, o estacionamento da frente fria e os temporais previstos para o Estado do Paran\u00e1 far\u00e3o com que boa parte de S\u00e3o Paulo tenha alguns per\u00edodos de melhoria e eleva\u00e7\u00e3o das temperaturas, especialmente durante a manh\u00e3. &#8220;J\u00e1 a partir da tarde, n\u00e3o tem jeito, a frente fria causa pancadas de chuva e trovoadas em todo o Estado e h\u00e1 enorme risco de temporais entre Itapeva, Vale do Ribeira e Litoral Sul do Estado&#8221;, conta o meteorologista.<\/p>\n<p>No s\u00e1bado, a frente fria avan\u00e7a pelo Estado de S\u00e3o Paulo novamente. Mesmo assim, o dia ser\u00e1 parcialmente aproveit\u00e1vel, com pancadas de chuva e trovoadas especialmente a partir da tarde e temperaturas agrad\u00e1veis na maior parte das localidades. No domingo, o dia dever\u00e1 amanhecer com chuvas, mas a previs\u00e3o \u00e9 de diminui\u00e7\u00e3o das precipita\u00e7\u00f5es a partir da tarde. J\u00e1 as temperaturas despencam por conta do avan\u00e7o de uma massa de ar de origem polar e m\u00e1xima n\u00e3o dever\u00e1 passar dos 18\u00b0C na Capital.<\/p>\n","protected":false},"excerpt":{"rendered":"<p>Frio chega amanh\u00e3 (09) nas cidades pr\u00f3ximas ao PR e no domingo na Capital paulista. A quarta-feira segue com tempo seco e temperaturas elevadas para a \u00e9poca do ano em S\u00e3o Paulo. Na Capital, a m\u00e1xima atinge 26\u00b0C durante a tarde hoje, valor 4\u00b0C acima da m\u00e9dia climatol\u00f3gica do m\u00eas de julho. Al\u00e9m disso, os [&hellip;]<\/p>\n","protected":false},"author":3,"featured_media":0,"comment_status":"open","ping_status":"open","sticky":false,"template":"","format":"standard","meta":{"tdm_status":"","tdm_grid_status":"","footnotes":""},"categories":[22,327],"tags":[],"class_list":{"0":"post-4911","1":"post","2":"type-post","3":"status-publish","4":"format-standard","6":"category-brasil","7":"category-clima"},"_links":{"self":[{"href":"https:\/\/migracao.redenoticia.com.br\/noticia\/wp-json\/wp\/v2\/posts\/4911","targetHints":{"allow":["GET"]}}],"collection":[{"href":"https:\/\/migracao.redenoticia.com.br\/noticia\/wp-json\/wp\/v2\/posts"}],"about":[{"href":"https:\/\/migracao.redenoticia.com.br\/noticia\/wp-json\/wp\/v2\/types\/post"}],"author":[{"embeddable":true,"href":"https:\/\/migracao.redenoticia.com.br\/noticia\/wp-json\/wp\/v2\/users\/3"}],"replies":[{"embeddable":true,"href":"https:\/\/migracao.redenoticia.com.br\/noticia\/wp-json\/wp\/v2\/comments?post=4911"}],"version-history":[{"count":0,"href":"https:\/\/migracao.redenoticia.com.br\/noticia\/wp-json\/wp\/v2\/posts\/4911\/revisions"}],"wp:attachment":[{"href":"https:\/\/migracao.redenoticia.com.br\/noticia\/wp-json\/wp\/v2\/media?parent=4911"}],"wp:term":[{"taxonomy":"category","embeddable":true,"href":"https:\/\/migracao.redenoticia.com.br\/noticia\/wp-json\/wp\/v2\/categories?post=4911"},{"taxonomy":"post_tag","embeddable":true,"href":"https:\/\/migracao.redenoticia.com.br\/noticia\/wp-json\/wp\/v2\/tags?post=4911"}],"curies":[{"name":"wp","href":"https:\/\/api.w.org\/{rel}","templated":true}]}}