{"id":4917,"date":"2009-07-08T16:11:33","date_gmt":"2009-07-08T20:11:33","guid":{"rendered":"http:\/\/www.redenoticia.com.br\/noticia\/?p=4917"},"modified":"2009-07-08T16:11:33","modified_gmt":"2009-07-08T20:11:33","slug":"unb-e-sedh-capacitam-conselheiros-tutelares-de-todo-o-pais","status":"publish","type":"post","link":"https:\/\/migracao.redenoticia.com.br\/noticia\/2009\/unb-e-sedh-capacitam-conselheiros-tutelares-de-todo-o-pais\/4917","title":{"rendered":"UnB e SEDH capacitam Conselheiros Tutelares de todo o pa\u00eds"},"content":{"rendered":"<p>Conselheiros de Direitos e Conselheiros Tutelares mais qualificados em pol\u00edticas p\u00fablicas voltadas para crian\u00e7as e adolescentes. Com esse objetivo, a Universidade de Bras\u00edlia, representada pelo Centro de Estudos Avan\u00e7ados de Governo e Administra\u00e7\u00e3o P\u00fablica (CEAG\/FACE), e a Secretaria Especial dos Direitos Humanos da Presid\u00eancia da Rep\u00fablica promover\u00e3o cursos voltados para cerca de tr\u00eas mil Conselheiros de Direitos e Conselheiros Tutelares de todo o Brasil.<\/p>\n<p>O m\u00f3dulo \u00e0 dist\u00e2ncia ocorrer\u00e1 entre julho e dezembro com Conselheiros de Direitos e Conselheiros Tutelares de todo o Brasil e contemplar\u00e1 cerca de 2.400 alunos, a partir de parceria entre CEAG\/UnB, SEDH e o Centro de Apoio ao Desenvolvimento Tecnol\u00f3gico da UnB (CDT\/UnB). As inscri\u00e7\u00f5es est\u00e3o abertas e podem ser realizadas at\u00e9 novembro por Conselheiros de Direitos e Conselheiros Tutelares de todo o Brasil pelo link\u00a0<a href=\"http:\/\/www.educar.tv\/oca\/convite\" target=\"_blank\">http:\/\/www.educar.tv\/oca\/convite<\/a>. Tamb\u00e9m podem participar do curso profissionais da sociedade civil que atuem na \u00e1rea da inf\u00e2ncia e adolesc\u00eancia.<\/p>\n<p>O curso tem o objetivo de colaborar para a forma\u00e7\u00e3o dos Conselheiros com enfoque nas pol\u00edticas p\u00fablicas voltadas \u00e0 crian\u00e7a e ao adolescente e est\u00e1 inserido em um projeto de forma\u00e7\u00e3o continuada desses atores fundamentais do Sistema de Garantia de Direitos.\u00a0A id\u00e9ia do curso \u00e9 alcan\u00e7ar todo o pa\u00eds, que hoje tem cerca de 11 mil Conselhos Tutelares.<\/p>\n<p>Por 2009 ser o ano de elabora\u00e7\u00e3o do Plano Plurianual para os pr\u00f3ximos quatro anos dos Munic\u00edpios (PPA 2010 &#8211; 2013), a participa\u00e7\u00e3o dos Conselheiros de Direitos e Conselheiros Tutelares na constru\u00e7\u00e3o do Plano \u00e9 fundamental para garantir que o or\u00e7amento de seus munic\u00edpios seja destinado \u00e0s pol\u00edticas p\u00fablicas respons\u00e1veis pela efetiva\u00e7\u00e3o dos direitos de crian\u00e7as e adolescentes.<\/p>\n<p>O conte\u00fado do curso est\u00e1 dividido em quatro m\u00f3dulos que abrangem desde a concep\u00e7\u00e3o dos Direitos Humanos de Crian\u00e7as e adolescentes\u00a0\u00a0aos conceitos sobre o or\u00e7amento p\u00fablico, al\u00e9m da metodologia do Or\u00e7amento Crian\u00e7a e Adolescente (OCA) e a incid\u00eancia pol\u00edtica dos atores no processo de elabora\u00e7\u00e3o do or\u00e7amento.<\/p>\n<p>\u201cComo os Conselhos de Direitos e Tutelares s\u00e3o inst\u00e2ncias fundamentais no Sistema de Garantia de Direitos, oferecer um curso com esse perfil permite que os Conselheiros tenham uma atua\u00e7\u00e3o mais qualificada nas delibera\u00e7\u00f5es e controle das pol\u00edticas p\u00fablicas, de forma que o Estado possa assegurar os direitos humanos de crian\u00e7as e adolescentes\u201d, explica Perla Ribeiro, pesquisadora do CEAG e uma das coordenadoras do curso.<\/p>\n<p>O outro curso, de \u00e2mbito presencial e com turmas entre maio e outubro, capacitar\u00e1 at\u00e9 300 conselheiros com atua\u00e7\u00e3o no Distrito Federal e munic\u00edpios do entorno do DF. O curso abordar\u00e1 temas que envolvem desde pol\u00edticas p\u00fablicas e Sistema de Garantia de Direitos \u00e0s no\u00e7\u00f5es b\u00e1sicas de or\u00e7amento p\u00fablico, Or\u00e7amento Crian\u00e7a e Adolescente (OCA) e Fundo da Crian\u00e7a e do Adolescente.<\/p>\n<p>A UnB desenvolve trabalhos na \u00e1rea de Direitos Humanos desde 1987, quando criou a disciplina Direitos Humanos e Cidadania. Ela \u00e9 ofertada a todos os alunos matriculados na institui\u00e7\u00e3o e atualmente integra o conjunto de mat\u00e9rias obrigat\u00f3rias de alguns cursos. Em 2009, os alunos estudar\u00e3o os 20 anos da Constitui\u00e7\u00e3o Federal.<\/p>\n<p>A parceria entre a UnB e a SEDH, no entanto, abrange tamb\u00e9m outras \u00e1reas, al\u00e9m da educa\u00e7\u00e3o. H\u00e1 interesse da SEDH em desenvolver trabalhos em conjunto com alunos da universidade na realiza\u00e7\u00e3o de semin\u00e1rios, confer\u00eancias e demais eventos sobre direitos humanos.<\/p>\n","protected":false},"excerpt":{"rendered":"<p>Conselheiros de Direitos e Conselheiros Tutelares mais qualificados em pol\u00edticas p\u00fablicas voltadas para crian\u00e7as e adolescentes. Com esse objetivo, a Universidade de Bras\u00edlia, representada pelo Centro de Estudos Avan\u00e7ados de Governo e Administra\u00e7\u00e3o P\u00fablica (CEAG\/FACE), e a Secretaria Especial dos Direitos Humanos da Presid\u00eancia da Rep\u00fablica promover\u00e3o cursos voltados para cerca de tr\u00eas mil Conselheiros [&hellip;]<\/p>\n","protected":false},"author":2,"featured_media":0,"comment_status":"open","ping_status":"open","sticky":false,"template":"","format":"standard","meta":{"tdm_status":"","tdm_grid_status":"","footnotes":""},"categories":[22],"tags":[],"class_list":{"0":"post-4917","1":"post","2":"type-post","3":"status-publish","4":"format-standard","6":"category-brasil"},"_links":{"self":[{"href":"https:\/\/migracao.redenoticia.com.br\/noticia\/wp-json\/wp\/v2\/posts\/4917","targetHints":{"allow":["GET"]}}],"collection":[{"href":"https:\/\/migracao.redenoticia.com.br\/noticia\/wp-json\/wp\/v2\/posts"}],"about":[{"href":"https:\/\/migracao.redenoticia.com.br\/noticia\/wp-json\/wp\/v2\/types\/post"}],"author":[{"embeddable":true,"href":"https:\/\/migracao.redenoticia.com.br\/noticia\/wp-json\/wp\/v2\/users\/2"}],"replies":[{"embeddable":true,"href":"https:\/\/migracao.redenoticia.com.br\/noticia\/wp-json\/wp\/v2\/comments?post=4917"}],"version-history":[{"count":0,"href":"https:\/\/migracao.redenoticia.com.br\/noticia\/wp-json\/wp\/v2\/posts\/4917\/revisions"}],"wp:attachment":[{"href":"https:\/\/migracao.redenoticia.com.br\/noticia\/wp-json\/wp\/v2\/media?parent=4917"}],"wp:term":[{"taxonomy":"category","embeddable":true,"href":"https:\/\/migracao.redenoticia.com.br\/noticia\/wp-json\/wp\/v2\/categories?post=4917"},{"taxonomy":"post_tag","embeddable":true,"href":"https:\/\/migracao.redenoticia.com.br\/noticia\/wp-json\/wp\/v2\/tags?post=4917"}],"curies":[{"name":"wp","href":"https:\/\/api.w.org\/{rel}","templated":true}]}}