{"id":49246,"date":"2013-10-30T10:08:42","date_gmt":"2013-10-30T12:08:42","guid":{"rendered":"http:\/\/www.redenoticia.com.br\/noticia\/?p=49246"},"modified":"2013-10-30T15:12:21","modified_gmt":"2013-10-30T17:12:21","slug":"creditos-da-nota-fiscal-paulista-para-ipva-2014","status":"publish","type":"post","link":"https:\/\/migracao.redenoticia.com.br\/noticia\/2013\/creditos-da-nota-fiscal-paulista-para-ipva-2014\/49246","title":{"rendered":"Cr\u00e9ditos da Nota Fiscal Paulista para IPVA 2014"},"content":{"rendered":"<p>Termina nesta quinta-feira, 31, o prazo para os usu\u00e1rios cadastrados na <em><strong>Nota Fiscal Paulista<\/strong><\/em> transferirem seus cr\u00e9ditos para o pagamento do IPVA (Imposto sobre a Propriedade de Ve\u00edculos Automotores) de 2014. Para isso, \u00e9 preciso fazer essa op\u00e7\u00e3o no\u00a0<a href=\"http:\/\/www.nfp.fazenda.sp.gov.br\/\" target=\"_blank\">site da Nota Fiscal Paulista<\/a>. Outubro \u00e9 o \u00fanico per\u00edodo do ano em que os os cr\u00e9ditos s\u00e3o liberados para este tipo de pagamento.<\/p>\n<p>O ve\u00edculo deve estar no nome do usu\u00e1rio cadastrado no programa para que a op\u00e7\u00e3o seja v\u00e1lida. At\u00e9 o dia 20 de outubro, j\u00e1 haviam sido destinados R$ 11.986.363,54 para abatimento ou quita\u00e7\u00e3o do IPVA de 2014. Em outubro do ano passado, R$ 36,5 milh\u00f5es foram destinados ao pagamento do imposto.<\/p>\n<p>Para aqueles que quiserem receber os valores, eles ficam \u00e0 disposi\u00e7\u00e3o dos consumidores por cinco anos e podem ser utilizados a qualquer momento dentro desse per\u00edodo. De acordo com as regras da Nota Fiscal Paulista, todas as solicita\u00e7\u00f5es de resgate realizadas sempre s\u00e3o creditadas na conta banc\u00e1ria corrente ou poupan\u00e7a dos solicitantes na semana seguinte.<\/p>\n<p>Do Portal do Governo do Estado<\/p>\n","protected":false},"excerpt":{"rendered":"<p>Termina nesta quinta-feira, 31, o prazo para os usu\u00e1rios cadastrados na Nota Fiscal Paulista transferirem seus cr\u00e9ditos para o pagamento do IPVA (Imposto sobre a Propriedade de Ve\u00edculos Automotores) de 2014. Para isso, \u00e9 preciso fazer essa op\u00e7\u00e3o no\u00a0site da Nota Fiscal Paulista. Outubro \u00e9 o \u00fanico per\u00edodo do ano em que os os cr\u00e9ditos [&hellip;]<\/p>\n","protected":false},"author":2,"featured_media":17430,"comment_status":"open","ping_status":"closed","sticky":false,"template":"","format":"standard","meta":{"tdm_status":"","tdm_grid_status":"","footnotes":""},"categories":[22,335,362],"tags":[],"class_list":{"0":"post-49246","1":"post","2":"type-post","3":"status-publish","4":"format-standard","5":"has-post-thumbnail","7":"category-brasil","8":"category-loteria","9":"category-nota-fiscal-paulista"},"_links":{"self":[{"href":"https:\/\/migracao.redenoticia.com.br\/noticia\/wp-json\/wp\/v2\/posts\/49246","targetHints":{"allow":["GET"]}}],"collection":[{"href":"https:\/\/migracao.redenoticia.com.br\/noticia\/wp-json\/wp\/v2\/posts"}],"about":[{"href":"https:\/\/migracao.redenoticia.com.br\/noticia\/wp-json\/wp\/v2\/types\/post"}],"author":[{"embeddable":true,"href":"https:\/\/migracao.redenoticia.com.br\/noticia\/wp-json\/wp\/v2\/users\/2"}],"replies":[{"embeddable":true,"href":"https:\/\/migracao.redenoticia.com.br\/noticia\/wp-json\/wp\/v2\/comments?post=49246"}],"version-history":[{"count":0,"href":"https:\/\/migracao.redenoticia.com.br\/noticia\/wp-json\/wp\/v2\/posts\/49246\/revisions"}],"wp:featuredmedia":[{"embeddable":true,"href":"https:\/\/migracao.redenoticia.com.br\/noticia\/wp-json\/wp\/v2\/media\/17430"}],"wp:attachment":[{"href":"https:\/\/migracao.redenoticia.com.br\/noticia\/wp-json\/wp\/v2\/media?parent=49246"}],"wp:term":[{"taxonomy":"category","embeddable":true,"href":"https:\/\/migracao.redenoticia.com.br\/noticia\/wp-json\/wp\/v2\/categories?post=49246"},{"taxonomy":"post_tag","embeddable":true,"href":"https:\/\/migracao.redenoticia.com.br\/noticia\/wp-json\/wp\/v2\/tags?post=49246"}],"curies":[{"name":"wp","href":"https:\/\/api.w.org\/{rel}","templated":true}]}}