{"id":4926,"date":"2009-07-08T16:23:16","date_gmt":"2009-07-08T20:23:16","guid":{"rendered":"http:\/\/www.redenoticia.com.br\/noticia\/?p=4926"},"modified":"2009-07-08T16:23:16","modified_gmt":"2009-07-08T20:23:16","slug":"rodovia-castello-branco-tera-intervencao-em-dois-pontos-da-estrada-no-feriadao","status":"publish","type":"post","link":"https:\/\/migracao.redenoticia.com.br\/noticia\/2009\/rodovia-castello-branco-tera-intervencao-em-dois-pontos-da-estrada-no-feriadao\/4926","title":{"rendered":"Rodovia Castello Branco ter\u00e1 interven\u00e7\u00e3o em dois pontos da estrada no feriad\u00e3o"},"content":{"rendered":"<p>Dando continuidade \u00e0s obras do Projeto Cebol\u00e3o, a concession\u00e1ria ViaOeste programou duas interven\u00e7\u00f5es a partir desta sexta-feira (10\/07).<\/p>\n<p>Uma delas \u00e9 o fechamento da primeira al\u00e7a de acesso da pista marginal para a pista expressa da Rodovia Castello Branco, no km 14, sentido S\u00e3o Paulo. No local, ser\u00e1 constru\u00edda uma al\u00e7a que atender\u00e1 ao novo vi\u00e1rio do Complexo Cebol\u00e3o, que inclui a implanta\u00e7\u00e3o de um viaduto que ligar\u00e1 a rodovia \u00e0 pista local da Marginal Tiet\u00ea.<\/p>\n<p>Desta forma, os motoristas que estiverem na pista marginal da Castello com destino \u00e0 Marginal Tiet\u00ea dever\u00e3o acessar a segunda al\u00e7a existente \u00e0 200 metros do local.<\/p>\n<p>J\u00e1 no km 32 da Castello, sentido interior, a al\u00e7a de acesso para o Trevo de Jandira sofrer\u00e1 algumas interven\u00e7\u00f5es para continuidade das obras de implanta\u00e7\u00e3o do novo vi\u00e1rio que atender\u00e1 Jandira, Itapevi e Aldeia da Serra.<\/p>\n<p>No local, ser\u00e3o mantidas duas faixas de rolamento, mas em fun\u00e7\u00e3o de uma maior concentra\u00e7\u00e3o de m\u00e1quinas e trabalhadores nas proximidades do vi\u00e1rio, a concession\u00e1ria recomenda que os motoristas com destino a Aldeia da Serra utilizem a sa\u00edda existente no km 31.<\/p>\n<p>No mesmo ponto, a al\u00e7a exclusiva para os motoristas vindos de Aldeia da Serra com destino \u00e0 Castello Branco, no sentido S\u00e3o Paulo, ser\u00e1 interditada por 30 dias para a constru\u00e7\u00e3o de um novo vi\u00e1rio que ligar\u00e1 o bairro \u00e0 rodovia.<\/p>\n<p>Equipes da ViaOeste, juntamente com a Pol\u00edcia Militar Rodovi\u00e1ria, estar\u00e3o em ambos os locais para garantir boas condi\u00e7\u00f5es de fluidez e a seguran\u00e7a dos usu\u00e1rios que utilizam a rodovia Castello Branco.<\/p>\n","protected":false},"excerpt":{"rendered":"<p>Dando continuidade \u00e0s obras do Projeto Cebol\u00e3o, a concession\u00e1ria ViaOeste programou duas interven\u00e7\u00f5es a partir desta sexta-feira (10\/07). Uma delas \u00e9 o fechamento da primeira al\u00e7a de acesso da pista marginal para a pista expressa da Rodovia Castello Branco, no km 14, sentido S\u00e3o Paulo. No local, ser\u00e1 constru\u00edda uma al\u00e7a que atender\u00e1 ao novo [&hellip;]<\/p>\n","protected":false},"author":3,"featured_media":0,"comment_status":"open","ping_status":"open","sticky":false,"template":"","format":"standard","meta":{"tdm_status":"","tdm_grid_status":"","footnotes":""},"categories":[22],"tags":[],"class_list":{"0":"post-4926","1":"post","2":"type-post","3":"status-publish","4":"format-standard","6":"category-brasil"},"_links":{"self":[{"href":"https:\/\/migracao.redenoticia.com.br\/noticia\/wp-json\/wp\/v2\/posts\/4926","targetHints":{"allow":["GET"]}}],"collection":[{"href":"https:\/\/migracao.redenoticia.com.br\/noticia\/wp-json\/wp\/v2\/posts"}],"about":[{"href":"https:\/\/migracao.redenoticia.com.br\/noticia\/wp-json\/wp\/v2\/types\/post"}],"author":[{"embeddable":true,"href":"https:\/\/migracao.redenoticia.com.br\/noticia\/wp-json\/wp\/v2\/users\/3"}],"replies":[{"embeddable":true,"href":"https:\/\/migracao.redenoticia.com.br\/noticia\/wp-json\/wp\/v2\/comments?post=4926"}],"version-history":[{"count":0,"href":"https:\/\/migracao.redenoticia.com.br\/noticia\/wp-json\/wp\/v2\/posts\/4926\/revisions"}],"wp:attachment":[{"href":"https:\/\/migracao.redenoticia.com.br\/noticia\/wp-json\/wp\/v2\/media?parent=4926"}],"wp:term":[{"taxonomy":"category","embeddable":true,"href":"https:\/\/migracao.redenoticia.com.br\/noticia\/wp-json\/wp\/v2\/categories?post=4926"},{"taxonomy":"post_tag","embeddable":true,"href":"https:\/\/migracao.redenoticia.com.br\/noticia\/wp-json\/wp\/v2\/tags?post=4926"}],"curies":[{"name":"wp","href":"https:\/\/api.w.org\/{rel}","templated":true}]}}