{"id":4942,"date":"2009-07-08T16:58:41","date_gmt":"2009-07-08T20:58:41","guid":{"rendered":"http:\/\/www.redenoticia.com.br\/noticia\/?p=4942"},"modified":"2009-07-08T16:58:41","modified_gmt":"2009-07-08T20:58:41","slug":"liderancas-de-ji-parana-e-regiao-participarao-de-audiencia-publica","status":"publish","type":"post","link":"https:\/\/migracao.redenoticia.com.br\/noticia\/2009\/liderancas-de-ji-parana-e-regiao-participarao-de-audiencia-publica\/4942","title":{"rendered":"Lideran\u00e7as de Ji-Paran\u00e1 e regi\u00e3o participar\u00e3o de Audi\u00eancia P\u00fablica"},"content":{"rendered":"<p>Diversas lideran\u00e7as da regi\u00e3o confirmaram presen\u00e7a na Audi\u00eancia P\u00fablica sobre o novo C\u00f3digo Ambiental, a lei de regulariza\u00e7\u00e3o de terras p\u00fablicas na Amaz\u00f4nia, o fechamento de frigor\u00edficos, empresas comercializadoras de carne e outros temas que dizem respeito ao setor rural, especialmente na Amaz\u00f4nia. Estar\u00e3o presentes os Deputados que comp\u00f5em a Comiss\u00e3o de Agricultura, Pecu\u00e1ria, Abastecimento e Desenvolvimento Rural e a presidente da CNA \u2013 Confedera\u00e7\u00e3o Nacional da Agricultura, senadora K\u00e1tia Abreu (DEM-TO).<\/p>\n<p>A expectativa das lideran\u00e7as \u00e9 que a Audi\u00eancia seja dirigida para uma discuss\u00e3o predominantemente t\u00e9cnica e objetiva, com poucos discursos pol\u00edticos.<\/p>\n<p>O Sr. Jos\u00e9 Vidal Hilgert, presidente do Fundo de Apoio \u00e0 Defesa Sanit\u00e1ria Animal do Estado de Rond\u00f4nia (FEFA), informou que um documento est\u00e1 sendo\u00a0 elaborado junto \u00e0s lideran\u00e7as do Estado e, ap\u00f3s a audi\u00eancia, ser\u00e1 conclu\u00eddo e encaminhado \u00e0 Comiss\u00e3o composta pelos Deputados.<\/p>\n<p>Esta\u00a0 Audi\u00eancia P\u00fablica foi viabilizada pelo Deputado Federal Moreira Mendes (PPS RO) e ser\u00e1 realizada nas depend\u00eancias do Parque de Exposi\u00e7\u00e3o Herm\u00ednio Victorelli nesta quinta (09), \u00e0s 15h00.<\/p>\n","protected":false},"excerpt":{"rendered":"<p>Diversas lideran\u00e7as da regi\u00e3o confirmaram presen\u00e7a na Audi\u00eancia P\u00fablica sobre o novo C\u00f3digo Ambiental, a lei de regulariza\u00e7\u00e3o de terras p\u00fablicas na Amaz\u00f4nia, o fechamento de frigor\u00edficos, empresas comercializadoras de carne e outros temas que dizem respeito ao setor rural, especialmente na Amaz\u00f4nia. Estar\u00e3o presentes os Deputados que comp\u00f5em a Comiss\u00e3o de Agricultura, Pecu\u00e1ria, Abastecimento [&hellip;]<\/p>\n","protected":false},"author":3,"featured_media":0,"comment_status":"open","ping_status":"open","sticky":false,"template":"","format":"standard","meta":{"tdm_status":"","tdm_grid_status":"","footnotes":""},"categories":[22],"tags":[],"class_list":{"0":"post-4942","1":"post","2":"type-post","3":"status-publish","4":"format-standard","6":"category-brasil"},"_links":{"self":[{"href":"https:\/\/migracao.redenoticia.com.br\/noticia\/wp-json\/wp\/v2\/posts\/4942","targetHints":{"allow":["GET"]}}],"collection":[{"href":"https:\/\/migracao.redenoticia.com.br\/noticia\/wp-json\/wp\/v2\/posts"}],"about":[{"href":"https:\/\/migracao.redenoticia.com.br\/noticia\/wp-json\/wp\/v2\/types\/post"}],"author":[{"embeddable":true,"href":"https:\/\/migracao.redenoticia.com.br\/noticia\/wp-json\/wp\/v2\/users\/3"}],"replies":[{"embeddable":true,"href":"https:\/\/migracao.redenoticia.com.br\/noticia\/wp-json\/wp\/v2\/comments?post=4942"}],"version-history":[{"count":0,"href":"https:\/\/migracao.redenoticia.com.br\/noticia\/wp-json\/wp\/v2\/posts\/4942\/revisions"}],"wp:attachment":[{"href":"https:\/\/migracao.redenoticia.com.br\/noticia\/wp-json\/wp\/v2\/media?parent=4942"}],"wp:term":[{"taxonomy":"category","embeddable":true,"href":"https:\/\/migracao.redenoticia.com.br\/noticia\/wp-json\/wp\/v2\/categories?post=4942"},{"taxonomy":"post_tag","embeddable":true,"href":"https:\/\/migracao.redenoticia.com.br\/noticia\/wp-json\/wp\/v2\/tags?post=4942"}],"curies":[{"name":"wp","href":"https:\/\/api.w.org\/{rel}","templated":true}]}}