{"id":4945,"date":"2009-07-08T17:30:04","date_gmt":"2009-07-08T21:30:04","guid":{"rendered":"http:\/\/www.redenoticia.com.br\/noticia\/?p=4945"},"modified":"2009-07-08T17:32:10","modified_gmt":"2009-07-08T21:32:10","slug":"frequencia-de-acidentes-na-rua-manoel-franco-em-ji-parana","status":"publish","type":"post","link":"https:\/\/migracao.redenoticia.com.br\/noticia\/2009\/frequencia-de-acidentes-na-rua-manoel-franco-em-ji-parana\/4945","title":{"rendered":"Freq\u00fc\u00eancia de acidentes na rua Manoel Franco em Ji-Paran\u00e1"},"content":{"rendered":"<p><a href=\"https:\/\/migracao.redenoticia.com.br\/noticia\/imagens\/\/moto.jpg\"><img loading=\"lazy\" decoding=\"async\" class=\"alignleft size-full wp-image-4946\" title=\"moto\" src=\"https:\/\/migracao.redenoticia.com.br\/noticia\/imagens\/\/moto.jpg\" alt=\"moto\" width=\"150\" height=\"113\" \/><\/a><\/p>\n<p><span style=\"font-size: 11pt; font-family: Arial;\">No final da tarde do dia 07\/07\/2009 as 18h30, aconteceu outro acidente entre moto e circular, na rua Manoel Franco esquina com a T8, em Ji-Paran\u00e1 .<\/span><\/p>\n<p><span style=\"font-size: 11pt; font-family: Arial;\">Segundo testemunhas presentes no local o motoqueiro subia a preferencial, rua Manoel Franco, em alta velocidade, quando colidiu com uma circular. Testemunhas afirmam ainda que o \u00f4nibus estava atravessando a rua, quando o motoqueiro percebeu que ia bater\u00a0 bem no\u00a0 meio da circular. <\/span><\/p>\n<p><span style=\"font-size: 11pt; font-family: Arial;\">O condutor pulou da moto antes da mesma bater em cheio no \u00f4nibus.. Ele caiu e n\u00e3o sofreu nenhuma fratura.<\/span><\/p>\n<p><span style=\"font-size: 11pt; font-family: Arial;\">Neste local da rua Manoel Franco, esquina com T8, embora seja bem sinalizado\u00a0\u00e9\u00a0freq\u00fcente a ocorr\u00eancia de acidentes.<\/span><\/p>\n<p><span style=\"font-size: 11pt; font-family: Arial;\">A ambul\u00e2ncia foi chamada e com menos de 10 minutos estava no local, onde fez o primeiro atendimento e constatou que n\u00e3o havia feridos. <\/span><\/p>\n<p><span style=\"font-size: 11pt; font-family: Arial;\">Nota do redator: Parabenizamos o corpo de bombeiros pela excelente atua\u00e7\u00e3o nos chamados, pois est\u00e3o sendo muito eficientes.<\/span><\/p>\n<p><a name=\"0.4_graphic04\"><\/a><span style=\"font-size: 11pt; font-family: Arial;\"><!--[if gte vml 1]><v:shapetype  id=\"_x0000_t75\" coordsize=\"21600,21600\" o:spt=\"75\" o:preferrelative=\"t\"  path=\"m@4@5l@4@11@9@11@9@5xe\" filled=\"f\" stroked=\"f\"> <v:stroke joinstyle=\"miter\" \/> <v:formulas> <v:f eqn=\"if lineDrawn pixelLineWidth 0\" \/> <v:f eqn=\"sum @0 1 0\" \/> <v:f eqn=\"sum 0 0 @1\" \/> <v:f eqn=\"prod @2 1 2\" \/> <v:f eqn=\"prod @3 21600 pixelWidth\" \/> <v:f eqn=\"prod @3 21600 pixelHeight\" \/> <v:f eqn=\"sum @0 0 1\" \/> <v:f eqn=\"prod @6 1 2\" \/> <v:f eqn=\"prod @7 21600 pixelWidth\" \/> <v:f eqn=\"sum @8 21600 0\" \/> <v:f eqn=\"prod @7 21600 pixelHeight\" \/> <v:f eqn=\"sum @10 21600 0\" \/> <\/v:formulas> <v:path o:extrusionok=\"f\" gradientshapeok=\"t\" o:connecttype=\"rect\" \/> <o:lock v:ext=\"edit\" aspectratio=\"t\" \/> <\/v:shapetype><v:shape id=\"_x0000_i1025\" type=\"#_x0000_t75\" alt=\"\u00c9 poss\u00edvel que seu navegador n\u00e3o suporte a exibi\u00e7\u00e3o desta imagem.\"  style='width:.75pt;height:.75pt'> <v:imagedata src=\"file:\/\/\/C:\\DOCUME~1\\Nova\\CONFIG~1\\Temp\\msohtml1\\01\\clip_image001.jpg\" mce_src=\"file:\/\/\/C:\\DOCUME~1\\Nova\\CONFIG~1\\Temp\\msohtml1\\01\\clip_image001.jpg\"   o:href=\"http:\/\/mail.mailig.ig.com.br\/mail\/?name=d33be9805ff33117.jpg&amp;attid=0.4&amp;disp=vahi&amp;view=att&amp;th=1225c192f06f6dcb\" \/> <\/v:shape><![endif]--><!--[if !vml]--><img loading=\"lazy\" decoding=\"async\" src=\"file:\/\/\/C:\/DOCUME%7E1\/Nova\/CONFIG%7E1\/Temp\/msohtml1\/01\/clip_image002.jpg\" alt=\"\u00c9 poss\u00edvel que seu navegador n\u00e3o suporte a exibi\u00e7\u00e3o desta imagem.\" width=\"1\" height=\"1\" \/><!--[endif]--><a name=\"0.4_graphic05\"><\/a><\/span><\/p>\n<p><span style=\"font-size: 11pt; font-family: Arial;\"><!--[if gte vml 1]><v:shape  id=\"_x0000_i1026\" type=\"#_x0000_t75\" alt=\"\u00c9 poss\u00edvel que seu navegador n\u00e3o suporte a exibi\u00e7\u00e3o desta imagem.\"  style='width:.75pt;height:.75pt'> <v:imagedata src=\"file:\/\/\/C:\\DOCUME~1\\Nova\\CONFIG~1\\Temp\\msohtml1\\01\\clip_image001.jpg\" mce_src=\"file:\/\/\/C:\\DOCUME~1\\Nova\\CONFIG~1\\Temp\\msohtml1\\01\\clip_image001.jpg\"   o:href=\"http:\/\/mail.mailig.ig.com.br\/mail\/?name=d33be9805ff33117.jpg&amp;attid=0.4&amp;disp=vahi&amp;view=att&amp;th=1225c192f06f6dcb\" \/> <\/v:shape><![endif]--><!--[if !vml]--><img loading=\"lazy\" decoding=\"async\" src=\"file:\/\/\/C:\/DOCUME%7E1\/Nova\/CONFIG%7E1\/Temp\/msohtml1\/01\/clip_image002.jpg\" alt=\"\u00c9 poss\u00edvel que seu navegador n\u00e3o suporte a exibi\u00e7\u00e3o desta imagem.\" width=\"1\" height=\"1\" \/><!--[endif]-->Foto e mat\u00e9ria: <strong>Luiz Enrik Cardoso<\/strong><\/span><\/p>\n<p><span style=\"font-size: 11pt; font-family: Arial;\">Aluno Rep\u00f3rter<strong><\/strong><\/span><\/p>\n","protected":false},"excerpt":{"rendered":"<p>No final da tarde do dia 07\/07\/2009 as 18h30, aconteceu outro acidente entre moto e circular, na rua Manoel Franco esquina com a T8, em Ji-Paran\u00e1 . Segundo testemunhas presentes no local o motoqueiro subia a preferencial, rua Manoel Franco, em alta velocidade, quando colidiu com uma circular. Testemunhas afirmam ainda que o \u00f4nibus estava [&hellip;]<\/p>\n","protected":false},"author":3,"featured_media":0,"comment_status":"open","ping_status":"open","sticky":false,"template":"","format":"standard","meta":{"tdm_status":"","tdm_grid_status":"","footnotes":""},"categories":[22],"tags":[],"class_list":{"0":"post-4945","1":"post","2":"type-post","3":"status-publish","4":"format-standard","6":"category-brasil"},"_links":{"self":[{"href":"https:\/\/migracao.redenoticia.com.br\/noticia\/wp-json\/wp\/v2\/posts\/4945","targetHints":{"allow":["GET"]}}],"collection":[{"href":"https:\/\/migracao.redenoticia.com.br\/noticia\/wp-json\/wp\/v2\/posts"}],"about":[{"href":"https:\/\/migracao.redenoticia.com.br\/noticia\/wp-json\/wp\/v2\/types\/post"}],"author":[{"embeddable":true,"href":"https:\/\/migracao.redenoticia.com.br\/noticia\/wp-json\/wp\/v2\/users\/3"}],"replies":[{"embeddable":true,"href":"https:\/\/migracao.redenoticia.com.br\/noticia\/wp-json\/wp\/v2\/comments?post=4945"}],"version-history":[{"count":0,"href":"https:\/\/migracao.redenoticia.com.br\/noticia\/wp-json\/wp\/v2\/posts\/4945\/revisions"}],"wp:attachment":[{"href":"https:\/\/migracao.redenoticia.com.br\/noticia\/wp-json\/wp\/v2\/media?parent=4945"}],"wp:term":[{"taxonomy":"category","embeddable":true,"href":"https:\/\/migracao.redenoticia.com.br\/noticia\/wp-json\/wp\/v2\/categories?post=4945"},{"taxonomy":"post_tag","embeddable":true,"href":"https:\/\/migracao.redenoticia.com.br\/noticia\/wp-json\/wp\/v2\/tags?post=4945"}],"curies":[{"name":"wp","href":"https:\/\/api.w.org\/{rel}","templated":true}]}}