{"id":4950,"date":"2009-07-08T18:11:34","date_gmt":"2009-07-08T22:11:34","guid":{"rendered":"http:\/\/www.redenoticia.com.br\/noticia\/?p=4950"},"modified":"2009-07-08T18:11:34","modified_gmt":"2009-07-08T22:11:34","slug":"temer-homologa-acordo-sobre-pl-012007-entre-governo-e-aposentados","status":"publish","type":"post","link":"https:\/\/migracao.redenoticia.com.br\/noticia\/2009\/temer-homologa-acordo-sobre-pl-012007-entre-governo-e-aposentados\/4950","title":{"rendered":"Temer homologa acordo sobre PL 01\/2007 entre governo e aposentados"},"content":{"rendered":"<p>O presidente da Confedera\u00e7\u00e3o Brasileira de Aposentados e Pensionistas (Cobap), Warley Martins Gon\u00e7alles, se reuniu ontem, 7, com o presidente da C\u00e2mara dos Deputados, Michel Temer e o l\u00edder do governo, Henrique Fontana para firmar acordo sobre a vota\u00e7\u00e3o do PL 01\/2007, que reajusta os benef\u00edcios previdenci\u00e1rios com o mesmo \u00edndice de reajuste do sal\u00e1rio m\u00ednimo. Participaram tamb\u00e9m da reuni\u00e3o o autor do projeto, senador Paulo Paim e os deputados Arnaldo Faria de S\u00e1 e Vieira da Cunha, que abra\u00e7am a causa dos aposentados na C\u00e2mara dos Deputados.<\/p>\n<p>Conforme acordado em reuni\u00e3o entre a Cobap, entidades filiadas, parlamentares e o l\u00edder do governo na semana passada, Temer oficializou a decis\u00e3o de o governo apresentar uma proposta para os aposentados na primeira semana de agosto. Caso n\u00e3o haja proposta o projeto ser\u00e1 votado.<\/p>\n<p>Durante a manh\u00e3 de hoje, 8, o deputado federal Arnaldo Faria de S\u00e1 (PTB-SP) se pronunciou em Plen\u00e1rio sobre a reuni\u00e3o a qual participou ontem, 7, junto \u00e0 Cobap, \u00e0 lideran\u00e7a do governo e a presid\u00eancia da C\u00e2mara dos Deputados, que definiu a data limite para que o governo apresentasse a solu\u00e7\u00e3o definitiva para o resjuste das aposentadorias e pens\u00f5es. O deputado foi incisivo na defesa do prazo, visto que desde o in\u00edcio do atual governo os aposentados aguardam solu\u00e7\u00f5es para a quest\u00e3o da defasagem\u00a0em seus benef\u00edcios. &#8220;Tenho certeza que no voto iremos defender o interesse dos aposentados e pensionistas&#8221;, afirmou Arnaldo Faria de S\u00e1 sobre o posicionamento dos deputados.<\/p>\n<p><strong> <\/strong><\/p>\n<p><a href=\"http:\/\/cobap.maquinaweb.com.br\/capa\/\" target=\"_blank\"><strong>COBAP Aposentados<\/strong> 07\/07\/2009 | Por <strong>Livia Rospantini<\/strong><\/a><\/p>\n","protected":false},"excerpt":{"rendered":"<p>O presidente da Confedera\u00e7\u00e3o Brasileira de Aposentados e Pensionistas (Cobap), Warley Martins Gon\u00e7alles, se reuniu ontem, 7, com o presidente da C\u00e2mara dos Deputados, Michel Temer e o l\u00edder do governo, Henrique Fontana para firmar acordo sobre a vota\u00e7\u00e3o do PL 01\/2007, que reajusta os benef\u00edcios previdenci\u00e1rios com o mesmo \u00edndice de reajuste do sal\u00e1rio [&hellip;]<\/p>\n","protected":false},"author":3,"featured_media":0,"comment_status":"open","ping_status":"open","sticky":false,"template":"","format":"standard","meta":{"tdm_status":"","tdm_grid_status":"","footnotes":""},"categories":[22,7],"tags":[],"class_list":{"0":"post-4950","1":"post","2":"type-post","3":"status-publish","4":"format-standard","6":"category-brasil","7":"category-economia"},"_links":{"self":[{"href":"https:\/\/migracao.redenoticia.com.br\/noticia\/wp-json\/wp\/v2\/posts\/4950","targetHints":{"allow":["GET"]}}],"collection":[{"href":"https:\/\/migracao.redenoticia.com.br\/noticia\/wp-json\/wp\/v2\/posts"}],"about":[{"href":"https:\/\/migracao.redenoticia.com.br\/noticia\/wp-json\/wp\/v2\/types\/post"}],"author":[{"embeddable":true,"href":"https:\/\/migracao.redenoticia.com.br\/noticia\/wp-json\/wp\/v2\/users\/3"}],"replies":[{"embeddable":true,"href":"https:\/\/migracao.redenoticia.com.br\/noticia\/wp-json\/wp\/v2\/comments?post=4950"}],"version-history":[{"count":0,"href":"https:\/\/migracao.redenoticia.com.br\/noticia\/wp-json\/wp\/v2\/posts\/4950\/revisions"}],"wp:attachment":[{"href":"https:\/\/migracao.redenoticia.com.br\/noticia\/wp-json\/wp\/v2\/media?parent=4950"}],"wp:term":[{"taxonomy":"category","embeddable":true,"href":"https:\/\/migracao.redenoticia.com.br\/noticia\/wp-json\/wp\/v2\/categories?post=4950"},{"taxonomy":"post_tag","embeddable":true,"href":"https:\/\/migracao.redenoticia.com.br\/noticia\/wp-json\/wp\/v2\/tags?post=4950"}],"curies":[{"name":"wp","href":"https:\/\/api.w.org\/{rel}","templated":true}]}}