{"id":496,"date":"2009-04-14T00:35:35","date_gmt":"2009-04-14T04:35:35","guid":{"rendered":"http:\/\/www.redenoticia.com.br\/noticia\/?p=496"},"modified":"2009-04-14T00:35:35","modified_gmt":"2009-04-14T04:35:35","slug":"qual-a-hora-certa-de-comecar-um-estagio","status":"publish","type":"post","link":"https:\/\/migracao.redenoticia.com.br\/noticia\/2009\/qual-a-hora-certa-de-comecar-um-estagio\/496","title":{"rendered":"Qual a hora certa de come\u00e7ar um est\u00e1gio?"},"content":{"rendered":"<p><span class=\"Apple-style-span\" style=\"border-collapse: collapse; color: #000000; font-family: arial; font-size: 13px; font-style: normal; font-variant: normal; font-weight: normal; letter-spacing: normal; line-height: normal; orphans: 2; text-indent: 0px; text-transform: none; white-space: normal; widows: 2; word-spacing: 0px;\"><\/p>\n<p style=\"text-align: justify;\"><span style=\"color: black;\">Os anos passam, as<span class=\"Apple-converted-space\"> <\/span><\/span><span>responsabilidades aumentam e a vontade de tornar-se independente fica cada vez mais presente na vida e no cotidiano dos jovens. Uma das primeiras iniciativas \u00e9 come\u00e7ar a trabalhar para, na medida do poss\u00edvel, tornar-se financeiramente independente. Nessa fase, a melhor e mais adequada oportunidade \u00e9 iniciar a carreira em um est\u00e1gio.<\/span><\/p>\n<p style=\"text-align: justify;\">\n<p style=\"text-align: justify;\"><span>Mas \u00e9 preciso lembrar que, ao contr\u00e1rio do que alguns jovens tem em mente, a oportunidade de estagiar n\u00e3o est\u00e1 dispon\u00edvel apenas para estudantes do Ensino Superior. As empresas hoje tamb\u00e9m investem no futuro de estudantes do Ensino M\u00e9dio e, em ambos os casos, \u00e9 poss\u00edvel iniciar a experi\u00eancia e o aprendizado profissional logo no primeiro semestre, se for do interesse do aluno.<\/span><\/p>\n<p style=\"text-align: justify;\"><span> <\/span><\/p>\n<p style=\"text-align: justify;\"><span>As organiza\u00e7\u00f5es hoje<span> <\/span>tem interesse em<span> <\/span>contratar<span> <\/span>estudantes e investir<span> <\/span>no crescimento profissional deles para<span> <\/span>que possam<span> <\/span>auxili\u00e1-las no processo produtivo.<span> <\/span>E isso pode ser comparado a uma troca: a organiza\u00e7\u00e3o proporciona a oportunidade de aprendizado;<span> <\/span>os jovens entram com a vontade de aprender<span> <\/span>e a garra de crescer profissionalmente.<\/span><\/p>\n<p style=\"text-align: justify;\">\n<p style=\"text-align: justify;\"><span>Mas qual \u00e9 a hora certa de come\u00e7ar a estagiar? Ser\u00e1 que existe um momento certo para isso? Muitos jovens se perguntam isso, pois se deparam com algumas barreiras que dificultam o seu ingresso no est\u00e1gio. A falta de experi\u00eancia, a inseguran\u00e7a, o nervosismo e as poucas oportunidades s\u00e3o os mais comuns entre os desafios.<\/span><\/p>\n<p style=\"text-align: justify;\"><span> <\/span><\/p>\n<p style=\"text-align: justify;\"><span>Em alguns casos, estudantes que t\u00eam um perfil mais voltado para a independ\u00eancia, desenvolvem cedo o desejo de trabalhar, mas o problema \u00e9 que algumas fam\u00edlias n\u00e3o aceitam logo de in\u00edcio. Esses pais enxergam os filhos, independente da idade, como crian\u00e7as e ainda dependentes de seus cuidados. A super-prote\u00e7\u00e3o pode gerar insatisfa\u00e7\u00e3o por parte dos jovens e, no mercado de trabalho, correm o risco de mostrar-se \u201cmimados\u201d por decorr\u00eancia da educa\u00e7\u00e3o que receberam em casa.<\/span><\/p>\n<p style=\"text-align: justify;\">\n<p style=\"text-align: justify;\"><span>Outra situa\u00e7\u00e3o muito comum hoje \u00e9 a necessidade que eles t\u00eam de auxiliar na renda familiar. N\u00e3o trabalham porque querem, mas sim por necessidade. Neste caso, o jovem sofre influ\u00eancia e press\u00e3o familiar, aceitando, assim, a primeira oportunidade que aparece, mesmo n\u00e3o sendo de seu agrado. Isso pode gerar insatisfa\u00e7\u00e3o, falta de motiva\u00e7\u00e3o para o trabalho e para a carreira profissional, al\u00e9m de uma vis\u00e3o distorcida do real significado da palavra \u201cemprego\u201d.<\/span><\/p>\n<p style=\"text-align: justify;\">\n<p style=\"text-align: justify;\"><span>As atitudes mais recomend\u00e1veis nessas situa\u00e7\u00f5es em que os pais querem decidir ou influenciar na decis\u00e3o de seus filhos \u00e9 o di\u00e1logo, a confian\u00e7a e o acordo entre ambas as partes. Com isso, eles ter\u00e3o maior seguran\u00e7a e liberdade para come\u00e7ar a estagiar no momento que acharem necess\u00e1rio e na hora que se acharem maduros o suficiente para encarar tal responsabilidade. Al\u00e9m disso, com este apoio e com a liberdade de decidir seu destino, \u00e9 mais f\u00e1cil tomar a decis\u00e3o certa de qual profiss\u00e3o ou \u00e1rea seguir na carreira profissional.<\/span><\/p>\n<p style=\"text-align: justify;\">\n<p style=\"text-align: justify;\"><span>Independente de qual seja a situa\u00e7\u00e3o que o jovem enfrenta, fazer um est\u00e1gio \u00e9 muito importante para o seu futuro. Vale lembrar que n\u00e3o existe hora certa para iniciar a carreira profissional, o que influencia diretamente s\u00e3o os motivos que os levam a essa vontade que, junto com a determina\u00e7\u00e3o e o apoio da fam\u00edlia, s\u00e3o fundamentais no processo de entrada no mercado de trabalho. Cada um tem seu tempo e a fam\u00edlia deve respeitar isso. Aos pais, finalizo orientando que n\u00e3o decidam pelos seus filhos. Criar responsabilidade \u00e9 um importante passo nessa idade. E para isso, nada melhor que um emprego que o fa\u00e7a respons\u00e1vel e, ao mesmo tempo, satisfeito consigo mesmo.<\/span><\/p>\n<p style=\"text-align: justify;\"><span> <\/span><\/p>\n<p style=\"text-align: justify;\"><strong><span>Giuliano Bortoluci<\/span><\/strong><span> \u00e9 Diretor de Comunica\u00e7\u00e3o do Site Estagi\u00e1rios.com, especializado no encontro dos melhores talentos e oportunidades<span> <\/span>de est\u00e1gio<span> <\/span>para iniciar a carreira no mercado de trabalho. A empresa est\u00e1 h\u00e1 10 anos no mercado e oferece todas as solu\u00e7\u00f5es\u00a0online\u00a0para emiss\u00e3o e impress\u00e3o<span> <\/span>das documenta\u00e7\u00f5es e formaliza\u00e7\u00f5es jur\u00eddicas necess\u00e1rias<span> <\/span>\u00e0s contrata\u00e7\u00f5es<span> <\/span>de estagi\u00e1rios, nos termos da<span> <\/span>Lei vigente.<\/span><\/p>\n<p><\/span><\/p>\n","protected":false},"excerpt":{"rendered":"<p>Os anos passam, as responsabilidades aumentam e a vontade de tornar-se independente fica cada vez mais presente na vida e no cotidiano dos jovens. Uma das primeiras iniciativas \u00e9 come\u00e7ar a trabalhar para, na medida do poss\u00edvel, tornar-se financeiramente independente. Nessa fase, a melhor e mais adequada oportunidade \u00e9 iniciar a carreira em um est\u00e1gio. [&hellip;]<\/p>\n","protected":false},"author":2,"featured_media":0,"comment_status":"open","ping_status":"open","sticky":false,"template":"","format":"standard","meta":{"tdm_status":"","tdm_grid_status":"","footnotes":""},"categories":[22],"tags":[],"class_list":{"0":"post-496","1":"post","2":"type-post","3":"status-publish","4":"format-standard","6":"category-brasil"},"_links":{"self":[{"href":"https:\/\/migracao.redenoticia.com.br\/noticia\/wp-json\/wp\/v2\/posts\/496","targetHints":{"allow":["GET"]}}],"collection":[{"href":"https:\/\/migracao.redenoticia.com.br\/noticia\/wp-json\/wp\/v2\/posts"}],"about":[{"href":"https:\/\/migracao.redenoticia.com.br\/noticia\/wp-json\/wp\/v2\/types\/post"}],"author":[{"embeddable":true,"href":"https:\/\/migracao.redenoticia.com.br\/noticia\/wp-json\/wp\/v2\/users\/2"}],"replies":[{"embeddable":true,"href":"https:\/\/migracao.redenoticia.com.br\/noticia\/wp-json\/wp\/v2\/comments?post=496"}],"version-history":[{"count":0,"href":"https:\/\/migracao.redenoticia.com.br\/noticia\/wp-json\/wp\/v2\/posts\/496\/revisions"}],"wp:attachment":[{"href":"https:\/\/migracao.redenoticia.com.br\/noticia\/wp-json\/wp\/v2\/media?parent=496"}],"wp:term":[{"taxonomy":"category","embeddable":true,"href":"https:\/\/migracao.redenoticia.com.br\/noticia\/wp-json\/wp\/v2\/categories?post=496"},{"taxonomy":"post_tag","embeddable":true,"href":"https:\/\/migracao.redenoticia.com.br\/noticia\/wp-json\/wp\/v2\/tags?post=496"}],"curies":[{"name":"wp","href":"https:\/\/api.w.org\/{rel}","templated":true}]}}