{"id":4966,"date":"2009-07-11T23:03:40","date_gmt":"2009-07-12T03:03:40","guid":{"rendered":"http:\/\/www.redenoticia.com.br\/noticia\/?p=4966"},"modified":"2009-08-05T00:34:52","modified_gmt":"2009-08-05T04:34:52","slug":"a-fazenda-vai-eliminar-luciele-fabi-ou-carlinhos","status":"publish","type":"post","link":"https:\/\/migracao.redenoticia.com.br\/noticia\/2009\/a-fazenda-vai-eliminar-luciele-fabi-ou-carlinhos\/4966","title":{"rendered":"A Fazenda vai eliminar Luciele, Fabi ou Carlinhos"},"content":{"rendered":"<p style=\"margin: 0cm 7.5pt 0.0001pt 1.5pt; line-height: normal;\"><span style=\"font-size: 11pt; font-family: Arial;\"><a href=\"https:\/\/migracao.redenoticia.com.br\/noticia\/imagens\/\/ro\u00e7a1.jpg\"><img loading=\"lazy\" decoding=\"async\" class=\"alignleft size-medium wp-image-5181\" title=\"ro\u00e7a\" src=\"https:\/\/migracao.redenoticia.com.br\/noticia\/imagens\/\/ro\u00e7a1-249x187.jpg\" alt=\"ro\u00e7a\" width=\"249\" height=\"187\" \/><\/a>Amigos, amigos, vota\u00e7\u00e3o \u00e0 parte. Mas nossos pe\u00f5es de A Fazenda parecem ainda n\u00e3o ter incorporado o esp\u00edrito do jogo, e vivem confundindo amizade com a chance de ganhar um milh\u00e3o &#8211; e n\u00e3o que seja ruim. Amizade \u00e9 um dos sentimentos mais importantes para a Humanidade. Mas na forma\u00e7\u00e3o do T\u00e1 na Ro\u00e7a de A Fazenda dessa semana, os la\u00e7os foram mais importantes, e Luciele foi para a ro\u00e7a com apenas dois votos.<\/span><\/p>\n<p style=\"margin: 0cm 7.5pt 0.0001pt 1.5pt; line-height: normal;\"><span style=\"font-size: 11pt; font-family: Arial;\"><br \/>\n<\/span><\/p>\n<p style=\"margin: 0cm 7.5pt 0.0001pt 1.5pt; line-height: normal;\"><span style=\"font-size: 11pt; font-family: Arial;\"> <\/span><\/p>\n<p style=\"margin: 0cm 7.5pt 0.0001pt 1.5pt; line-height: normal;\"><span style=\"font-size: 11pt; font-family: Arial;\">Como de costume, Carlinhos foi o primeiro a se manifestar e garantiu n\u00e3o estar arrependido de ter entregue o desafio de ontem para salvar Mirella. Mas assumiu estar tenso com a ro\u00e7a de A Fazenda. Como previsto, Carlinhos &#8220;anulou&#8221; seu voto escolhendo Luciele, dizendo j\u00e1 imaginar que a atriz estaria com certeza ao seu lado nos banquinhos.<\/span><\/p>\n<p style=\"margin: 0cm 7.5pt 0.0001pt 1.5pt; line-height: normal;\">\n<p style=\"margin: 0cm 7.5pt 0.0001pt 1.5pt; line-height: normal;\"><span style=\"font-size: 11pt; font-family: Arial;\">Fabiana foi a segunda. &#8220;Aqui n\u00f3s somos t\u00e3o diferentes e t\u00e3o iguais ao mesmo tempo&#8221;, comentou a loira, acrescentando que estaria indicando Jonathan por achar que ele n\u00e3o teria mais votos. Mirella veio na sequ\u00eancia. A dan\u00e7arina, que at\u00e9 o in\u00edcio do programa A Fazenda ainda estava meio em d\u00favida sobre seu voto, foi mesmo em Luciele. &#8220;N\u00e3o tem mais m\u00e1goa, mas vou na mesma op\u00e7\u00e3o da semana passada. A gente n\u00e3o est\u00e1 mais convivendo tanto diariamente&#8221;, justificou.<\/span><\/p>\n<p style=\"margin: 0cm 7.5pt 0.0001pt 1.5pt; line-height: normal;\">\n<p style=\"margin: 0cm 7.5pt 0.0001pt 1.5pt; line-height: normal;\"><span style=\"font-size: 11pt; font-family: Arial;\">Danni Carlos disse estar em uma enrascada e comenta que pensou em votar na atriz. &#8220;Porque eu imagino que ela vai receber s\u00f3 esse voto&#8221;, disse a cantora. Dado Dolabella veio logo ap\u00f3s, e o ator informou que iria subir no muro pela primeira vez. &#8220;Essa semana eu s\u00f3 tive um problema com o Pedro que serviu apenas para aproximar mais a gente. Vou trocar meu voto com ele&#8221;, conta.<\/span><\/p>\n<p style=\"margin: 0cm 7.5pt 0.0001pt 1.5pt; line-height: normal;\">\n<p style=\"margin: 0cm 7.5pt 0.0001pt 1.5pt; line-height: normal;\"><span style=\"font-size: 11pt; font-family: Arial;\">Jonathan disse que cada dia que passa tem mais vontade de permanecer em A Fazenda. Ele tamb\u00e9m optou por ir em uma pessoa que, na sua opini\u00e3o, n\u00e3o levaria mais votos: Mirella. Pedro Leonardo veio depois, com o discurso de estar longe das pessoas e coisas que mais ama. Como combinado &#8211; e pela impossibilidade de votar em Carlinhos &#8211; o sertanejo foi em Dado Dolabella.<\/span><\/p>\n<p style=\"margin: 0cm 7.5pt 0.0001pt 1.5pt; line-height: normal;\">\n<p style=\"margin: 0cm 7.5pt 0.0001pt 1.5pt; line-height: normal;\"><span style=\"font-size: 11pt; font-family: Arial;\">Por fim, Luciele deu o segundo voto em Mirella, cabendo a Carlinhos desempatar. A atriz tamb\u00e9m alegou falta de afinidade para escolher a dan\u00e7arina. O comediante disse que n\u00e3o iria defender Mirella, apesar de salv\u00e1-la ontem. &#8220;Eu vou colocar a Luciele porque ela vai de qualquer jeito. Ent\u00e3o, quero que a Danielle tenha frio na barriga tamb\u00e9m por causa da responsabilidade&#8221;.<\/span><\/p>\n<p style=\"margin: 0cm 7.5pt 0.0001pt 1.5pt; line-height: normal;\">\n<p style=\"margin: 0cm 7.5pt 0.0001pt 1.5pt; line-height: normal;\"><span style=\"font-size: 11pt; font-family: Arial;\">Sem ter em quem votar depois de Luciele ter ido pela sede, Danielle acabou adotando o crit\u00e9rio de mandar quem ainda n\u00e3o havia sido indicado no programa A Fazenda. Sobrou para Fabiana Alvarez, a novata da turma &#8211; com muito choro de todas as partes.<\/span><\/p>\n<p style=\"margin: 0cm 0cm 0.0001pt;\"><span style=\"font-size: 11pt; font-family: Arial;\">Carlinhos perde o desafio semanal e T\u00e1 na Ro\u00e7a!<\/span><\/p>\n<p style=\"margin: 0cm 0cm 0.0001pt;\">\n<p style=\"margin: 0cm 7.5pt 0.0001pt 1.5pt; line-height: normal;\"><span style=\"font-size: 11pt; font-family: Arial;\">A prova Circuito A\u00e9reo de A Fazenda levou para a ro\u00e7a Carlinhos da Silva pela primeira vez desde o in\u00edcio do programa. Faltou ao Mendigo preparo f\u00edsico, pelo menos nas duas primeiras fases do desafio &#8211; mas o comediante afirmou ter entregue a \u00faltima etapa para livrar a cara da amiga Mirella. &#8220;Eu perdi para o Pedro, n\u00e3o era justo ela ir. Vai ser duro sentar aqui na sua frente, ser julgado pelo p\u00fablico, mas espero que eu volte&#8221;, disse ao apresentador Britto Jr.<\/span><\/p>\n<p style=\"margin: 0cm 7.5pt 0.0001pt 1.5pt; line-height: normal;\"><span style=\"font-size: 11pt; font-family: Arial;\"> <\/span><\/p>\n<p style=\"margin: 0cm 7.5pt 0.0001pt 1.5pt; line-height: normal;\">\n<p style=\"margin: 0cm 7.5pt 0.0001pt 1.5pt; line-height: normal;\"><span style=\"font-size: 11pt; font-family: Arial;\">Na primeira etapa, os pe\u00f5es foram divididos em duas equipes: a verde (com Carlinhos, Mirella, Pedro e Luciele) e a amarela (Danni Carlos, Dado Dolabella, Fabiana e Jonathan). Elas deveriam trocar as bandeiras brancas fincadas no palco por bandeiras das cores de seus times. Para isso, um membro do time deveria subir com a bandeira branca e entregar ao segundo, que deveria atravessar com ela uma &#8220;falsa baiana&#8221; (ponte composta por uma corda em cima e outra em baixo, que deve ser atravessada de lado), pegar a bandeira da sua cor, voltar com ela e devolv\u00ea-la \u00e0 pessoa que levou a branca, para que a troca no palco fosse feita.<\/span><\/p>\n<p style=\"margin: 0cm 7.5pt 0.0001pt 1.5pt; line-height: normal;\"><span style=\"font-size: 11pt; font-family: Arial;\"> <\/span><\/p>\n<p style=\"margin: 0cm 7.5pt 0.0001pt 1.5pt; line-height: normal;\">\n<p style=\"margin: 0cm 7.5pt 0.0001pt 1.5pt; line-height: normal;\"><span style=\"font-size: 11pt; font-family: Arial;\">Claro que coube aos meninos a travessia; \u00e0s meninas, subir as escadas das torres e realizar a troca &#8211; tudo de comum acordo entre todos. Com vit\u00f3ria dupla de Fabiana + Jonathan e Danni Carlos + Dado Dolabella, o time amarelo se livrou da ro\u00e7a e seguiu de volta para a sede.<\/span><\/p>\n<p style=\"margin: 0cm 7.5pt 0.0001pt 1.5pt; line-height: normal;\">\n<p style=\"margin: 0cm 7.5pt 0.0001pt 1.5pt; line-height: normal;\"><span style=\"font-size: 11pt; font-family: Arial;\">A segunda etapa come\u00e7ou com uma tentativa de sorteio para a forma\u00e7\u00e3o de novas equipes, mas acabou em comum acordo de novo. Pedro e Luciele formaram o time verde e Mirella e Carlinhos, o amarelo. A prova era exatamente a mesma, e novamente os meninos ficaram respons\u00e1veis pela travessia. Nesse ponto do desafio, Pedro foi bem mais \u00e1gil que o comediante. O time verde estava livre, mas deveria participar da terceira &#8211; e derradeira &#8211; etapa.<\/span><\/p>\n<p style=\"margin: 0cm 7.5pt 0.0001pt 1.5pt; line-height: normal;\">\n<p style=\"margin: 0cm 7.5pt 0.0001pt 1.5pt; line-height: normal;\"><span style=\"font-size: 11pt; font-family: Arial;\">Na decis\u00e3o, Mirella e Carlinhos tiveram de carregar as ca\u00e7ambas de duas caminhonetes com 20 fardos de feno cada. Eles contaram com a ajuda dos antigos parceiros, mas de forma trocada: Pedro com ela, Luciele com ele. Mirella foi a mais r\u00e1pida e se livrou da ro\u00e7a &#8211; como j\u00e1 soubemos, Carlinhos disse ter feito corpo mole de prop\u00f3sito, pois a dan\u00e7arina n\u00e3o havia tido responsabilidade sobre a sua performance nas etapas anteriores. Ser\u00e1 que agora ele leva o regime \u00e0 s\u00e9rio? <\/span><\/p>\n<p style=\"line-height: normal;\"><strong><span style=\"font-size: 11pt; font-family: Arial;\">Renata Mesquita<\/span><\/strong><\/p>\n<p style=\"margin: 0cm 7.5pt 0.0001pt 1.5pt; line-height: normal;\"><span style=\"font-size: 11pt; font-family: Arial;\">A Fazenda &#8211; TV Record <\/span><\/p>\n","protected":false},"excerpt":{"rendered":"<p>Amigos, amigos, vota\u00e7\u00e3o \u00e0 parte. Mas nossos pe\u00f5es de A Fazenda parecem ainda n\u00e3o ter incorporado o esp\u00edrito do jogo, e vivem confundindo amizade com a chance de ganhar um milh\u00e3o &#8211; e n\u00e3o que seja ruim. Amizade \u00e9 um dos sentimentos mais importantes para a Humanidade. Mas na forma\u00e7\u00e3o do T\u00e1 na Ro\u00e7a de [&hellip;]<\/p>\n","protected":false},"author":3,"featured_media":0,"comment_status":"open","ping_status":"open","sticky":false,"template":"","format":"standard","meta":{"tdm_status":"","tdm_grid_status":"","footnotes":""},"categories":[22,343],"tags":[],"class_list":{"0":"post-4966","1":"post","2":"type-post","3":"status-publish","4":"format-standard","6":"category-brasil","7":"category-televisao"},"_links":{"self":[{"href":"https:\/\/migracao.redenoticia.com.br\/noticia\/wp-json\/wp\/v2\/posts\/4966","targetHints":{"allow":["GET"]}}],"collection":[{"href":"https:\/\/migracao.redenoticia.com.br\/noticia\/wp-json\/wp\/v2\/posts"}],"about":[{"href":"https:\/\/migracao.redenoticia.com.br\/noticia\/wp-json\/wp\/v2\/types\/post"}],"author":[{"embeddable":true,"href":"https:\/\/migracao.redenoticia.com.br\/noticia\/wp-json\/wp\/v2\/users\/3"}],"replies":[{"embeddable":true,"href":"https:\/\/migracao.redenoticia.com.br\/noticia\/wp-json\/wp\/v2\/comments?post=4966"}],"version-history":[{"count":0,"href":"https:\/\/migracao.redenoticia.com.br\/noticia\/wp-json\/wp\/v2\/posts\/4966\/revisions"}],"wp:attachment":[{"href":"https:\/\/migracao.redenoticia.com.br\/noticia\/wp-json\/wp\/v2\/media?parent=4966"}],"wp:term":[{"taxonomy":"category","embeddable":true,"href":"https:\/\/migracao.redenoticia.com.br\/noticia\/wp-json\/wp\/v2\/categories?post=4966"},{"taxonomy":"post_tag","embeddable":true,"href":"https:\/\/migracao.redenoticia.com.br\/noticia\/wp-json\/wp\/v2\/tags?post=4966"}],"curies":[{"name":"wp","href":"https:\/\/api.w.org\/{rel}","templated":true}]}}