{"id":4973,"date":"2009-07-09T09:13:14","date_gmt":"2009-07-09T13:13:14","guid":{"rendered":"http:\/\/www.redenoticia.com.br\/noticia\/?p=4973"},"modified":"2009-07-09T09:16:15","modified_gmt":"2009-07-09T13:16:15","slug":"claudia-leitte-ganha-festa-de-aniversario-em-parque-de-diversoes","status":"publish","type":"post","link":"https:\/\/migracao.redenoticia.com.br\/noticia\/2009\/claudia-leitte-ganha-festa-de-aniversario-em-parque-de-diversoes\/4973","title":{"rendered":"Claudia Leitte ganha festa de anivers\u00e1rio em parque de divers\u00f5es"},"content":{"rendered":"<p><a href=\"https:\/\/migracao.redenoticia.com.br\/noticia\/imagens\/\/claudia.jpg\"><img loading=\"lazy\" decoding=\"async\" class=\"alignleft size-medium wp-image-4976\" title=\"claudia\" src=\"https:\/\/migracao.redenoticia.com.br\/noticia\/imagens\/\/claudia-249x187.jpg\" alt=\"claudia\" width=\"249\" height=\"187\" \/><\/a>Cantora come\u00e7a a celebrar seus 29 anos com festa em parque divers\u00f5es no interior de S\u00e3o Paulo. Um parque de divers\u00f5es com direito a montanha-russa, carrinho de bate-bate, elevador de quase 70 m de altura e queda livre de 94 Km\/h, chap\u00e9u mexicano e muito mais: foi no Hopi Hari que Claudia Leitte recebeu o carinho de sua equipe e de alguns amigos para iniciar as comemora\u00e7\u00f5es de seus 29 anos, que ser\u00e3o completados na pr\u00f3xima sexta-feira, 10 de julho.<\/p>\n<p>&#8220;Foi uma grande surpresa essa festa e quero aproveitar o m\u00e1ximo que puder&#8221;, declarou Claudia pouco antes da maratona de brincadeiras come\u00e7ar. O ponto de encontro foi um hotel de S\u00e3o Paulo. Ali estavam seus produtores, seguran\u00e7as, pais, irm\u00e3o, sobrinhos, cunhados, sogros e m\u00fasicos, organizadores da grande comemora\u00e7\u00e3o. E j\u00e1 durante o percurso, a alegria podia ser vista nos olhos de todos.<\/p>\n<p>Quando desembarcaram no Hopi Hari, o clima de descontra\u00e7\u00e3o aumentou ainda mais. Claudia se sentia em casa e colocou todo o lado crian\u00e7a para fora. &#8220;N\u00e3o quero ver ningu\u00e9m parado ou com medo. Vamos subir e descer, sentir o vento no rosto e aproveitar cada momento dessa festa linda que voc\u00eas me deram&#8221;. E ali na entrada j\u00e1 come\u00e7ou a receber seus amigos como o ator C\u00e1ssio Reis, o estilista Wal\u00e9rio Ara\u00fajo. Ao passar do dia foram chegando outros queridos como a apresentadora Adriane Galisteu, a jogadora de v\u00f4lei Virna, a atriz Mila Christie e o piloto Antonio Pizzonia.<\/p>\n<p>O roteiro de divers\u00e3o criado pelo Hopi Hari especialmente para a festa de Claudia Leitte incluiu brinquedos de pura emo\u00e7\u00e3o como a Montezum, quinta maior montanha-russa do mundo, onde os visitantes percorrem 1024 metros em 58 segundos e uma velocidade de at\u00e9 103 km\/h, e op\u00e7\u00f5es mais comportadas como o Vambate, carrinho de bate-bate, que fez a alegria da m\u00e3e da cantora. &#8220;Esse aqui \u00e9 o meu preferido. Vou quantas vezes puder&#8221;, contou dona Ilna Leitte com muita empolga\u00e7\u00e3o.<\/p>\n<p>No card\u00e1pio estavam todas as del\u00edcias de um parque de divers\u00e3o: cachorro quente, refrigerante, suco, pipoca, algod\u00e3o-doce e ma\u00e7\u00e3 do amor. Al\u00e9m disso, na hora de cantar parab\u00e9ns, a mesa contava com v\u00e1rias guloseimas que fizeram a festa da &#8220;garotada&#8221;, como bolo de chocolate, brigadeiro, beijinho, balas, pirulitos e jujubas. Tudo preparado por uma empresa especializada de Jundia\u00ed, chamada Ivete Bolos.<\/p>\n<p>E a festa s\u00f3 teve fim quando a noite caiu e todos j\u00e1 sentiam o cansa\u00e7o batendo. Era hora de se despedir daquele dia m\u00e1gico. E Claudia Leitte terminou dizendo assim: &#8220;Foi a melhor festa do mundo&#8221;.<\/p>\n","protected":false},"excerpt":{"rendered":"<p>Cantora come\u00e7a a celebrar seus 29 anos com festa em parque divers\u00f5es no interior de S\u00e3o Paulo. Um parque de divers\u00f5es com direito a montanha-russa, carrinho de bate-bate, elevador de quase 70 m de altura e queda livre de 94 Km\/h, chap\u00e9u mexicano e muito mais: foi no Hopi Hari que Claudia Leitte recebeu o [&hellip;]<\/p>\n","protected":false},"author":3,"featured_media":0,"comment_status":"open","ping_status":"open","sticky":false,"template":"","format":"standard","meta":{"tdm_status":"","tdm_grid_status":"","footnotes":""},"categories":[22],"tags":[],"class_list":{"0":"post-4973","1":"post","2":"type-post","3":"status-publish","4":"format-standard","6":"category-brasil"},"_links":{"self":[{"href":"https:\/\/migracao.redenoticia.com.br\/noticia\/wp-json\/wp\/v2\/posts\/4973","targetHints":{"allow":["GET"]}}],"collection":[{"href":"https:\/\/migracao.redenoticia.com.br\/noticia\/wp-json\/wp\/v2\/posts"}],"about":[{"href":"https:\/\/migracao.redenoticia.com.br\/noticia\/wp-json\/wp\/v2\/types\/post"}],"author":[{"embeddable":true,"href":"https:\/\/migracao.redenoticia.com.br\/noticia\/wp-json\/wp\/v2\/users\/3"}],"replies":[{"embeddable":true,"href":"https:\/\/migracao.redenoticia.com.br\/noticia\/wp-json\/wp\/v2\/comments?post=4973"}],"version-history":[{"count":0,"href":"https:\/\/migracao.redenoticia.com.br\/noticia\/wp-json\/wp\/v2\/posts\/4973\/revisions"}],"wp:attachment":[{"href":"https:\/\/migracao.redenoticia.com.br\/noticia\/wp-json\/wp\/v2\/media?parent=4973"}],"wp:term":[{"taxonomy":"category","embeddable":true,"href":"https:\/\/migracao.redenoticia.com.br\/noticia\/wp-json\/wp\/v2\/categories?post=4973"},{"taxonomy":"post_tag","embeddable":true,"href":"https:\/\/migracao.redenoticia.com.br\/noticia\/wp-json\/wp\/v2\/tags?post=4973"}],"curies":[{"name":"wp","href":"https:\/\/api.w.org\/{rel}","templated":true}]}}